{"id":2120,"date":"2021-09-14T21:35:34","date_gmt":"2021-09-14T21:35:34","guid":{"rendered":"https:\/\/tahasservis.com\/?p=2120"},"modified":"2022-03-17T13:15:04","modified_gmt":"2022-03-17T13:15:04","slug":"vidali-kompresorlerde-arizalar-ve-nedenleri","status":"publish","type":"post","link":"http:\/\/tahasservis.com\/en\/vidali-kompresorlerde-arizalar-ve-nedenleri\/","title":{"rendered":"Vidal\u0131 Kompres\u00f6rlerde Ya\u015fanabilecek Ar\u0131zalar ve Nedenleri"},"content":{"rendered":"<p>Her vidal\u0131 kompres\u00f6rde, bir kontrol paneli bulunur ve gerekti\u011finde kendilerini korumaya alabilirler. B\u00f6ylece, bir ar\u0131za s\u00f6z konusu oldu\u011funda, vidal\u0131 kompres\u00f6r daha b\u00fcy\u00fck problemlerin \u00f6n\u00fcne ge\u00e7mek i\u00e7in \u00e7al\u0131\u015fmay\u0131 durdurur ve ar\u0131za uyar\u0131s\u0131 g\u00f6nderir. Bu uyar\u0131lar aras\u0131nda en ciddi olanlardan biri, \u201cAna motor y\u00fcksek amper uyar\u0131s\u0131\u201dd\u0131r.<\/p>\n\n\n\n<h2 class=\"wp-block-heading\" id=\"h-ana-motor-y-ksek-amper-uyar-s\"><strong>Ana Motor Y\u00fcksek Amper Uyar\u0131s\u0131<\/strong><\/h2>\n\n\n\n<p>Amper: Ak\u0131m \u015fiddeti de\u011feridir. Birim zamanda telden ge\u00e7en ak\u0131m miktar\u0131na denir.<\/p>\n\n\n\n<p>Elektrik motorlar\u0131n\u0131n belirli bir amper \u00e7ekme s\u0131n\u0131r\u0131 vard\u0131r. Bu s\u0131n\u0131r, \u00fcretici taraf\u0131ndan etiketle cihaz\u0131n \u00fczerine yap\u0131\u015ft\u0131r\u0131larak belirtilir. Elektrik motoru \u00e7al\u0131\u015ft\u0131\u011f\u0131nda, etikette yazan s\u0131n\u0131ra kadar zorlanabilirler ve bu s\u0131n\u0131r\u0131 ge\u00e7medi\u011fi s\u00fcrece hi\u00e7bir ar\u0131za vermemesi beklenir. Elektrik motoru ne kadar zorlan\u0131rsa amper miktar\u0131 da paralel olarak artar. &nbsp;E\u011fer belirtilen amper \u00e7ekme s\u0131n\u0131r\u0131n\u0131n \u00fczerinde cihaz\u0131 zorlarsan\u0131z, bu durumda motor yanmas\u0131na veya ba\u015fka bir ar\u0131zaya yol a\u00e7abilirsiniz. Vidal\u0131 kompres\u00f6rlerin i\u00e7inde ak\u0131m \u00f6l\u00e7en bir cihaz daha vard\u0131r. Bu cihaz\u0131n amac\u0131, belirlenen s\u0131n\u0131r a\u015f\u0131ld\u0131\u011f\u0131nda makineyi kapatarak elektrik motorunu korumaya almakt\u0131r. Yani, e\u011fer kompres\u00f6r\u00fcn\u00fczde herhangi bir \u015fekilde fazla ak\u0131m \u00e7ekme durumu olursa, ana motor kendini kapatacakt\u0131r. Bu i\u015flem ger\u00e7ekle\u015fti\u011finde cihaz, ana motor y\u00fcksek amper uyar\u0131s\u0131n\u0131 verir.<\/p>\n\n\n\n<p>Ana motor y\u00fcksek amper uyar\u0131s\u0131 ile kar\u015f\u0131la\u015fman\u0131za yol a\u00e7acak durumlar bellidir. Bunlardan en \u00f6nemlisi, y\u00fcksek bas\u0131n\u00e7 fakt\u00f6r\u00fcd\u00fcr. Vidal\u0131 kompres\u00f6r, e\u011fer fabrika \u00e7\u0131k\u0131\u015f ayarlar\u0131ndan daha y\u00fcksek bir bas\u0131nca maruz kal\u0131rsa bu durum, \u00e7ekilen amperin y\u00fckselmesini tetikler. Y\u00fckselen amper, s\u0131n\u0131r\u0131 ge\u00e7ebilir ve cihaz kendini korumaya al\u0131r.<\/p>\n\n\n\n<p>\u00d6te yandan, ana motor y\u00fcksek amper uyar\u0131s\u0131 alman\u0131za yol a\u00e7acak di\u011fer durum, hava tahliyesinde ya\u015fanabilecek bir problemdir. Vidal\u0131 kompres\u00f6r\u00fcn\u00fcz havay\u0131 doldurup durdu\u011fu s\u0131rada, i\u00e7erisindeki havay\u0131 tahliye edemeden tekrar kalk\u0131\u015f yaparsa, kalk\u0131\u015f esnas\u0131nda elektrik motoruna fazla y\u00fcklenilmi\u015f olur. Bu durumda vidal\u0131 kompres\u00f6r, daha b\u00fcy\u00fck bir tehlikenin \u00f6n\u00fcne ge\u00e7mek i\u00e7in yine kendini kapatacakt\u0131r.<\/p>\n\n\n\n<p>Vida \u00fcnitesinde olu\u015fabilecek herhangi bir problem de cihaz\u0131n\u0131z\u0131n kapanmas\u0131na yol a\u00e7abilir. Vida \u00fcnitesi, elektrik motoruna do\u011frudan ba\u011flanan bir elemand\u0131r. Burada meydana gelebilecek herhangi bir ar\u0131za veya s\u0131k\u0131\u015fma, elektrik motorunun fazla amper \u00e7ekmesine sebep olur. Bu durumda da sistem, \u00e7al\u0131\u015fmay\u0131 durdurur.<\/p>\n\n\n\n<h2 class=\"wp-block-heading\" id=\"h-elektrik-motoru-ve-g-problemleri\"><strong>Elektrik Motoru ve G\u00fc\u00e7 Problemleri<\/strong><\/h2>\n\n\n\n<p>Vidal\u0131 kompres\u00f6r\u00fcn\u00fcz\u00fcn g\u00fcc\u00fc kesilirse veya g\u00fc\u00e7 yetersiz kal\u0131rsa, sorun b\u00fcy\u00fck olas\u0131l\u0131kla a\u015fa\u011f\u0131daki fakt\u00f6rlerden birine ba\u011fl\u0131d\u0131r:<\/p>\n\n\n\n<h3 class=\"wp-block-heading\" id=\"h-1-sigorta-atmas\">1.Sigorta Atmas\u0131<\/h3>\n\n\n\n<p>Kompres\u00f6r\u00fcn\u00fcz\u00fcn \u00e7al\u0131\u015fan bir prize tak\u0131l\u0131 ve a\u00e7\u0131k oldu\u011funu varsayarsak, a\u015fa\u011f\u0131daki sorunlar sigortalar\u0131n atmas\u0131na neden olabilir:<\/p>\n\n\n\n<ul class=\"wp-block-list\"><li>Uzatma kablolar\u0131: Kompres\u00f6r\u00fcn\u00fcz, bir uzatma kablosuyla bir prize ba\u011fl\u0131ysa, motor yeterli enerjiden yoksun kalm\u0131\u015f olabilir ve bu durum a\u015f\u0131r\u0131 \u0131s\u0131nmaya yol a\u00e7abilir. Bir vidal\u0131 kompres\u00f6re, g\u00fc\u00e7 kayna\u011f\u0131na do\u011frudan ba\u011flant\u0131 yoluyla g\u00fc\u00e7 verilmelidir.<\/li><li>Eski bir motor: Vidal\u0131 kompres\u00f6r\u00fcn\u00fcz uzun y\u0131llard\u0131r ayn\u0131 motor ile \u00e7al\u0131\u015f\u0131yorsa, de\u011fi\u015fim zaman\u0131 gelmi\u015f olabilir. \u00c7ok eski bir motorda, a\u015f\u0131nm\u0131\u015f sarg\u0131lar ve gev\u015femi\u015f kablolar, sigortalar\u0131n atmas\u0131na neden olabilir.<\/li><\/ul>\n\n\n\n<h3 class=\"wp-block-heading\" id=\"h-2-ba-lang-ta-kararan-kompres-r-i-klar\">2.Ba\u015flang\u0131\u00e7ta Kararan Kompres\u00f6r I\u015f\u0131klar\u0131<\/h3>\n\n\n\n<p>Bir <a href=\"https:\/\/tahasservis.com\/en\/yagli-vidali-kompresorler\/\">vidal\u0131 kompres\u00f6r<\/a>, ba\u015flama s\u0131ras\u0131nda b\u00fcy\u00fck miktarda g\u00fc\u00e7 t\u00fcketir. Ba\u015flang\u0131\u00e7 s\u0131ras\u0131nda sigortalar\u0131n k\u0131r\u0131lmas\u0131n\u0131 \u00f6nlemek i\u00e7in kompres\u00f6r motorlar\u0131, gelen g\u00fcc\u00fc y\u00f6neten \u00e7al\u0131\u015fma kondansat\u00f6rleri ile donat\u0131lm\u0131\u015ft\u0131r. Kararan bir \u0131\u015f\u0131k, \u00e7al\u0131\u015fma kondansat\u00f6r\u00fcn\u00fcn a\u015f\u0131nd\u0131\u011f\u0131n\u0131 ve de\u011fi\u015ftirilmesi gerekti\u011fini g\u00f6steren i\u015faretlerden biridir.<\/p>\n\n\n\n<h2 class=\"wp-block-heading\" id=\"h-kompres-r-n-ba-lat-lamamas\"><strong>Kompres\u00f6r\u00fcn Ba\u015flat\u0131lamamas\u0131<\/strong><\/h2>\n\n\n\n<p>Ba\u011flant\u0131s\u0131z bir g\u00fc\u00e7 kablosu veya devre d\u0131\u015f\u0131 b\u0131rak\u0131lm\u0131\u015f bir g\u00fc\u00e7 anahtar\u0131 gibi bariz g\u00f6zden ka\u00e7malar\u0131n yan\u0131 s\u0131ra, yeterli hava bas\u0131nc\u0131 olmad\u0131\u011f\u0131nda bir kompres\u00f6r tipik olarak \u00e7al\u0131\u015fmayacakt\u0131r. Devreye alma bas\u0131nc\u0131, tankta depolanan hava bas\u0131nc\u0131 miktar\u0131yla orant\u0131l\u0131 de\u011filse, vidal\u0131 kompres\u00f6r genellikle \u00e7al\u0131\u015fmayacakt\u0131r. Bas\u0131n\u00e7 anahtar\u0131ndaki devreye girme ayar\u0131n\u0131 kontrol edin ve seviyeyi buna g\u00f6re ayarlay\u0131n.<\/p>\n\n\n\n<h2 class=\"wp-block-heading\" id=\"h-kompres-r-n-durmamas\"><strong>Kompres\u00f6r\u00fcn Durmamas\u0131<\/strong><\/h2>\n\n\n\n<p>Bas\u0131n\u00e7, belli bir noktaya geldi\u011finde kompres\u00f6r durmal\u0131d\u0131r. Bu ger\u00e7ekle\u015fmezse, sorun, genellikle a\u015fa\u011f\u0131daki nedenlerden birine ba\u011fl\u0131 olacakt\u0131r:<\/p>\n\n\n\n<ul class=\"wp-block-list\"><li>Ar\u0131zal\u0131 bas\u0131n\u00e7 tahliye valfi: Valf bas\u0131nc\u0131 tahliye edemezse, tank motorun \u00e7al\u0131\u015fmas\u0131n\u0131 durduramayacak kadar bas\u0131n\u00e7la dolacakt\u0131r. Bu gibi durumlarda, g\u00fcc\u00fc kesmeli ve valf de\u011fi\u015ftirilene kadar daha fazla kullan\u0131mdan ka\u00e7\u0131nmal\u0131s\u0131n\u0131z, \u00e7\u00fcnk\u00fc daha fazla kullan\u0131m kompres\u00f6re ciddi \u015fekilde zarar verebilir.<\/li><li>Ar\u0131zal\u0131 bas\u0131n\u00e7 anahtar\u0131: Bas\u0131n\u00e7 anahtar\u0131 dahili kontrollere sinyal g\u00f6nderemezse, yeni bir anahtar sorunu \u00e7\u00f6zmelidir.<\/li><\/ul>","protected":false},"excerpt":{"rendered":"<p>Her vidal\u0131 kompres\u00f6rde, bir kontrol paneli bulunur ve gerekti\u011finde kendilerini korumaya alabilirler. B\u00f6ylece, bir ar\u0131za s\u00f6z konusu oldu\u011funda, vidal\u0131 kompres\u00f6r daha b\u00fcy\u00fck problemlerin \u00f6n\u00fcne ge\u00e7mek i\u00e7in \u00e7al\u0131\u015fmay\u0131 durdurur ve ar\u0131za uyar\u0131s\u0131 g\u00f6nderir. Bu uyar\u0131lar aras\u0131nda en ciddi olanlardan biri, \u201cAna motor y\u00fcksek amper uyar\u0131s\u0131\u201dd\u0131r. Ana Motor Y\u00fcksek Amper Uyar\u0131s\u0131 Amper: Ak\u0131m \u015fiddeti de\u011feridir. Birim zamanda [&hellip;]<\/p>","protected":false},"author":3,"featured_media":2121,"comment_status":"open","ping_status":"open","sticky":false,"template":"","format":"standard","meta":{"footnotes":""},"categories":[1],"tags":[61],"class_list":["post-2120","post","type-post","status-publish","format-standard","has-post-thumbnail","hentry","category-genel","tag-yagsiz-vidali-kompresor"],"yoast_head":"<!-- This site is optimized with the Yoast SEO Premium plugin v16.1 (Yoast SEO v25.6) - https:\/\/yoast.com\/wordpress\/plugins\/seo\/ -->\n<title>Vidal\u0131 Kompres\u00f6rlerde Ya\u015fanabilecek Ar\u0131zalar ve Nedenleri - Taha\u015f Servis<\/title>\n<meta name=\"description\" content=\"Taha\u015f Servis olarak vidal\u0131 kompres\u00f6rlerdeki ar\u0131zalar\u0131 ve nedenlerini yaz\u0131m\u0131zda derledik. Kompres\u00f6r ar\u0131zalar\u0131n\u0131z i\u00e7in bizimle ileti\u015fime ge\u00e7in.\" \/>\n<meta name=\"robots\" content=\"index, follow, max-snippet:-1, max-image-preview:large, max-video-preview:-1\" \/>\n<link rel=\"canonical\" href=\"https:\/\/tahasservis.com\/en\/vidali-kompresorlerde-arizalar-ve-nedenleri\/\" \/>\n<meta property=\"og:locale\" content=\"en_US\" \/>\n<meta property=\"og:type\" content=\"article\" \/>\n<meta property=\"og:title\" content=\"Vidal\u0131 Kompres\u00f6rlerde Ya\u015fanabilecek Ar\u0131zalar ve Nedenleri - Taha\u015f Servis\" \/>\n<meta property=\"og:description\" content=\"Taha\u015f Servis olarak vidal\u0131 kompres\u00f6rlerdeki ar\u0131zalar\u0131 ve nedenlerini yaz\u0131m\u0131zda derledik. Kompres\u00f6r ar\u0131zalar\u0131n\u0131z i\u00e7in bizimle ileti\u015fime ge\u00e7in.\" \/>\n<meta property=\"og:url\" content=\"https:\/\/tahasservis.com\/en\/vidali-kompresorlerde-arizalar-ve-nedenleri\/\" \/>\n<meta property=\"og:site_name\" content=\"Taha\u015f Servis\" \/>\n<meta property=\"article:published_time\" content=\"2021-09-14T21:35:34+00:00\" \/>\n<meta property=\"article:modified_time\" content=\"2022-03-17T13:15:04+00:00\" \/>\n<meta property=\"og:image\" content=\"https:\/\/tahasservis.com\/wp-content\/uploads\/2021\/09\/vidali-kompresor-arizalari.png\" \/>\n\t<meta property=\"og:image:width\" content=\"1920\" \/>\n\t<meta property=\"og:image:height\" content=\"1080\" \/>\n\t<meta property=\"og:image:type\" content=\"image\/png\" \/>\n<meta name=\"author\" content=\"tahas-yonetim\" \/>\n<meta name=\"twitter:card\" content=\"summary_large_image\" \/>\n<meta name=\"twitter:label1\" content=\"Written by\" \/>\n\t<meta name=\"twitter:data1\" content=\"tahas-yonetim\" \/>\n\t<meta name=\"twitter:label2\" content=\"Est. reading time\" \/>\n\t<meta name=\"twitter:data2\" content=\"3 minutes\" \/>\n<script type=\"application\/ld+json\" class=\"yoast-schema-graph\">{\"@context\":\"https:\/\/schema.org\",\"@graph\":[{\"@type\":\"Article\",\"@id\":\"https:\/\/tahasservis.com\/vidali-kompresorlerde-arizalar-ve-nedenleri\/#article\",\"isPartOf\":{\"@id\":\"https:\/\/tahasservis.com\/vidali-kompresorlerde-arizalar-ve-nedenleri\/\"},\"author\":{\"name\":\"tahas-yonetim\",\"@id\":\"https:\/\/tahasservis.com\/#\/schema\/person\/dcc8e69a1a683906b597f6df39e4cf30\"},\"headline\":\"Vidal\u0131 Kompres\u00f6rlerde Ya\u015fanabilecek Ar\u0131zalar ve Nedenleri\",\"datePublished\":\"2021-09-14T21:35:34+00:00\",\"dateModified\":\"2022-03-17T13:15:04+00:00\",\"mainEntityOfPage\":{\"@id\":\"https:\/\/tahasservis.com\/vidali-kompresorlerde-arizalar-ve-nedenleri\/\"},\"wordCount\":875,\"commentCount\":0,\"publisher\":{\"@id\":\"https:\/\/tahasservis.com\/#organization\"},\"image\":{\"@id\":\"https:\/\/tahasservis.com\/vidali-kompresorlerde-arizalar-ve-nedenleri\/#primaryimage\"},\"thumbnailUrl\":\"http:\/\/tahasservis.com\/wp-content\/uploads\/2021\/09\/vidali-kompresor-arizalari.png\",\"keywords\":[\"ya\u011fs\u0131z vidal\u0131 kompres\u00f6r\"],\"articleSection\":[\"Genel\"],\"inLanguage\":\"en-US\"},{\"@type\":\"WebPage\",\"@id\":\"https:\/\/tahasservis.com\/vidali-kompresorlerde-arizalar-ve-nedenleri\/\",\"url\":\"https:\/\/tahasservis.com\/vidali-kompresorlerde-arizalar-ve-nedenleri\/\",\"name\":\"Vidal\u0131 Kompres\u00f6rlerde Ya\u015fanabilecek Ar\u0131zalar ve Nedenleri - Taha\u015f Servis\",\"isPartOf\":{\"@id\":\"https:\/\/tahasservis.com\/#website\"},\"primaryImageOfPage\":{\"@id\":\"https:\/\/tahasservis.com\/vidali-kompresorlerde-arizalar-ve-nedenleri\/#primaryimage\"},\"image\":{\"@id\":\"https:\/\/tahasservis.com\/vidali-kompresorlerde-arizalar-ve-nedenleri\/#primaryimage\"},\"thumbnailUrl\":\"http:\/\/tahasservis.com\/wp-content\/uploads\/2021\/09\/vidali-kompresor-arizalari.png\",\"datePublished\":\"2021-09-14T21:35:34+00:00\",\"dateModified\":\"2022-03-17T13:15:04+00:00\",\"description\":\"Taha\u015f Servis olarak vidal\u0131 kompres\u00f6rlerdeki ar\u0131zalar\u0131 ve nedenlerini yaz\u0131m\u0131zda derledik. Kompres\u00f6r ar\u0131zalar\u0131n\u0131z i\u00e7in bizimle ileti\u015fime ge\u00e7in.\",\"breadcrumb\":{\"@id\":\"https:\/\/tahasservis.com\/vidali-kompresorlerde-arizalar-ve-nedenleri\/#breadcrumb\"},\"inLanguage\":\"en-US\",\"potentialAction\":[{\"@type\":\"ReadAction\",\"target\":[\"https:\/\/tahasservis.com\/vidali-kompresorlerde-arizalar-ve-nedenleri\/\"]}]},{\"@type\":\"ImageObject\",\"inLanguage\":\"en-US\",\"@id\":\"https:\/\/tahasservis.com\/vidali-kompresorlerde-arizalar-ve-nedenleri\/#primaryimage\",\"url\":\"http:\/\/tahasservis.com\/wp-content\/uploads\/2021\/09\/vidali-kompresor-arizalari.png\",\"contentUrl\":\"http:\/\/tahasservis.com\/wp-content\/uploads\/2021\/09\/vidali-kompresor-arizalari.png\",\"width\":1920,\"height\":1080,\"caption\":\"vidal\u0131 kompres\u00f6r ar\u0131zalar\u0131\"},{\"@type\":\"BreadcrumbList\",\"@id\":\"https:\/\/tahasservis.com\/vidali-kompresorlerde-arizalar-ve-nedenleri\/#breadcrumb\",\"itemListElement\":[{\"@type\":\"ListItem\",\"position\":1,\"name\":\"Home\",\"item\":\"https:\/\/tahasservis.com\/\"},{\"@type\":\"ListItem\",\"position\":2,\"name\":\"Vidal\u0131 Kompres\u00f6rlerde Ya\u015fanabilecek Ar\u0131zalar ve Nedenleri\"}]},{\"@type\":\"WebSite\",\"@id\":\"https:\/\/tahasservis.com\/#website\",\"url\":\"https:\/\/tahasservis.com\/\",\"name\":\"Taha\u015f Servis\",\"description\":\"Taha\u015f Tazyikli Hava Servisi A.\u015e\",\"publisher\":{\"@id\":\"https:\/\/tahasservis.com\/#organization\"},\"potentialAction\":[{\"@type\":\"SearchAction\",\"target\":{\"@type\":\"EntryPoint\",\"urlTemplate\":\"https:\/\/tahasservis.com\/?s={search_term_string}\"},\"query-input\":{\"@type\":\"PropertyValueSpecification\",\"valueRequired\":true,\"valueName\":\"search_term_string\"}}],\"inLanguage\":\"en-US\"},{\"@type\":\"Organization\",\"@id\":\"https:\/\/tahasservis.com\/#organization\",\"name\":\"TAHA\u015e SERV\u0130S\",\"url\":\"https:\/\/tahasservis.com\/\",\"logo\":{\"@type\":\"ImageObject\",\"inLanguage\":\"en-US\",\"@id\":\"https:\/\/tahasservis.com\/#\/schema\/logo\/image\/\",\"url\":\"https:\/\/tahasservis.com\/wp-content\/uploads\/2020\/12\/cropped-Tahas_Logo.png\",\"contentUrl\":\"https:\/\/tahasservis.com\/wp-content\/uploads\/2020\/12\/cropped-Tahas_Logo.png\",\"width\":512,\"height\":512,\"caption\":\"TAHA\u015e SERV\u0130S\"},\"image\":{\"@id\":\"https:\/\/tahasservis.com\/#\/schema\/logo\/image\/\"}},{\"@type\":\"Person\",\"@id\":\"https:\/\/tahasservis.com\/#\/schema\/person\/dcc8e69a1a683906b597f6df39e4cf30\",\"name\":\"tahas-yonetim\",\"image\":{\"@type\":\"ImageObject\",\"inLanguage\":\"en-US\",\"@id\":\"https:\/\/tahasservis.com\/#\/schema\/person\/image\/\",\"url\":\"https:\/\/secure.gravatar.com\/avatar\/ed78e5bd60b15c34eb09a92a753042c8c007ea7e517e148043543031cb0acebb?s=96&d=mm&r=g\",\"contentUrl\":\"https:\/\/secure.gravatar.com\/avatar\/ed78e5bd60b15c34eb09a92a753042c8c007ea7e517e148043543031cb0acebb?s=96&d=mm&r=g\",\"caption\":\"tahas-yonetim\"}}]}<\/script>\n<!-- \/ Yoast SEO Premium plugin. -->","yoast_head_json":{"title":"Vidal\u0131 Kompres\u00f6rlerde Ya\u015fanabilecek Ar\u0131zalar ve Nedenleri - Taha\u015f Servis","description":"Taha\u015f Servis olarak vidal\u0131 kompres\u00f6rlerdeki ar\u0131zalar\u0131 ve nedenlerini yaz\u0131m\u0131zda derledik. Kompres\u00f6r ar\u0131zalar\u0131n\u0131z i\u00e7in bizimle ileti\u015fime ge\u00e7in.","robots":{"index":"index","follow":"follow","max-snippet":"max-snippet:-1","max-image-preview":"max-image-preview:large","max-video-preview":"max-video-preview:-1"},"canonical":"https:\/\/tahasservis.com\/en\/vidali-kompresorlerde-arizalar-ve-nedenleri\/","og_locale":"en_US","og_type":"article","og_title":"Vidal\u0131 Kompres\u00f6rlerde Ya\u015fanabilecek Ar\u0131zalar ve Nedenleri - Taha\u015f Servis","og_description":"Taha\u015f Servis olarak vidal\u0131 kompres\u00f6rlerdeki ar\u0131zalar\u0131 ve nedenlerini yaz\u0131m\u0131zda derledik. Kompres\u00f6r ar\u0131zalar\u0131n\u0131z i\u00e7in bizimle ileti\u015fime ge\u00e7in.","og_url":"https:\/\/tahasservis.com\/en\/vidali-kompresorlerde-arizalar-ve-nedenleri\/","og_site_name":"Taha\u015f Servis","article_published_time":"2021-09-14T21:35:34+00:00","article_modified_time":"2022-03-17T13:15:04+00:00","og_image":[{"width":1920,"height":1080,"url":"https:\/\/tahasservis.com\/wp-content\/uploads\/2021\/09\/vidali-kompresor-arizalari.png","type":"image\/png"}],"author":"tahas-yonetim","twitter_card":"summary_large_image","twitter_misc":{"Written by":"tahas-yonetim","Est. reading time":"3 minutes"},"schema":{"@context":"https:\/\/schema.org","@graph":[{"@type":"Article","@id":"https:\/\/tahasservis.com\/vidali-kompresorlerde-arizalar-ve-nedenleri\/#article","isPartOf":{"@id":"https:\/\/tahasservis.com\/vidali-kompresorlerde-arizalar-ve-nedenleri\/"},"author":{"name":"tahas-yonetim","@id":"https:\/\/tahasservis.com\/#\/schema\/person\/dcc8e69a1a683906b597f6df39e4cf30"},"headline":"Vidal\u0131 Kompres\u00f6rlerde Ya\u015fanabilecek Ar\u0131zalar ve Nedenleri","datePublished":"2021-09-14T21:35:34+00:00","dateModified":"2022-03-17T13:15:04+00:00","mainEntityOfPage":{"@id":"https:\/\/tahasservis.com\/vidali-kompresorlerde-arizalar-ve-nedenleri\/"},"wordCount":875,"commentCount":0,"publisher":{"@id":"https:\/\/tahasservis.com\/#organization"},"image":{"@id":"https:\/\/tahasservis.com\/vidali-kompresorlerde-arizalar-ve-nedenleri\/#primaryimage"},"thumbnailUrl":"http:\/\/tahasservis.com\/wp-content\/uploads\/2021\/09\/vidali-kompresor-arizalari.png","keywords":["ya\u011fs\u0131z vidal\u0131 kompres\u00f6r"],"articleSection":["Genel"],"inLanguage":"en-US"},{"@type":"WebPage","@id":"https:\/\/tahasservis.com\/vidali-kompresorlerde-arizalar-ve-nedenleri\/","url":"https:\/\/tahasservis.com\/vidali-kompresorlerde-arizalar-ve-nedenleri\/","name":"Vidal\u0131 Kompres\u00f6rlerde Ya\u015fanabilecek Ar\u0131zalar ve Nedenleri - Taha\u015f Servis","isPartOf":{"@id":"https:\/\/tahasservis.com\/#website"},"primaryImageOfPage":{"@id":"https:\/\/tahasservis.com\/vidali-kompresorlerde-arizalar-ve-nedenleri\/#primaryimage"},"image":{"@id":"https:\/\/tahasservis.com\/vidali-kompresorlerde-arizalar-ve-nedenleri\/#primaryimage"},"thumbnailUrl":"http:\/\/tahasservis.com\/wp-content\/uploads\/2021\/09\/vidali-kompresor-arizalari.png","datePublished":"2021-09-14T21:35:34+00:00","dateModified":"2022-03-17T13:15:04+00:00","description":"Taha\u015f Servis olarak vidal\u0131 kompres\u00f6rlerdeki ar\u0131zalar\u0131 ve nedenlerini yaz\u0131m\u0131zda derledik. Kompres\u00f6r ar\u0131zalar\u0131n\u0131z i\u00e7in bizimle ileti\u015fime ge\u00e7in.","breadcrumb":{"@id":"https:\/\/tahasservis.com\/vidali-kompresorlerde-arizalar-ve-nedenleri\/#breadcrumb"},"inLanguage":"en-US","potentialAction":[{"@type":"ReadAction","target":["https:\/\/tahasservis.com\/vidali-kompresorlerde-arizalar-ve-nedenleri\/"]}]},{"@type":"ImageObject","inLanguage":"en-US","@id":"https:\/\/tahasservis.com\/vidali-kompresorlerde-arizalar-ve-nedenleri\/#primaryimage","url":"http:\/\/tahasservis.com\/wp-content\/uploads\/2021\/09\/vidali-kompresor-arizalari.png","contentUrl":"http:\/\/tahasservis.com\/wp-content\/uploads\/2021\/09\/vidali-kompresor-arizalari.png","width":1920,"height":1080,"caption":"vidal\u0131 kompres\u00f6r ar\u0131zalar\u0131"},{"@type":"BreadcrumbList","@id":"https:\/\/tahasservis.com\/vidali-kompresorlerde-arizalar-ve-nedenleri\/#breadcrumb","itemListElement":[{"@type":"ListItem","position":1,"name":"Home","item":"https:\/\/tahasservis.com\/"},{"@type":"ListItem","position":2,"name":"Vidal\u0131 Kompres\u00f6rlerde Ya\u015fanabilecek Ar\u0131zalar ve Nedenleri"}]},{"@type":"WebSite","@id":"https:\/\/tahasservis.com\/#website","url":"https:\/\/tahasservis.com\/","name":"Taha\u015f Servis","description":"Taha\u015f Tazyikli Hava Servisi A.\u015e","publisher":{"@id":"https:\/\/tahasservis.com\/#organization"},"potentialAction":[{"@type":"SearchAction","target":{"@type":"EntryPoint","urlTemplate":"https:\/\/tahasservis.com\/?s={search_term_string}"},"query-input":{"@type":"PropertyValueSpecification","valueRequired":true,"valueName":"search_term_string"}}],"inLanguage":"en-US"},{"@type":"Organization","@id":"https:\/\/tahasservis.com\/#organization","name":"TAHA\u015e SERV\u0130S","url":"https:\/\/tahasservis.com\/","logo":{"@type":"ImageObject","inLanguage":"en-US","@id":"https:\/\/tahasservis.com\/#\/schema\/logo\/image\/","url":"https:\/\/tahasservis.com\/wp-content\/uploads\/2020\/12\/cropped-Tahas_Logo.png","contentUrl":"https:\/\/tahasservis.com\/wp-content\/uploads\/2020\/12\/cropped-Tahas_Logo.png","width":512,"height":512,"caption":"TAHA\u015e SERV\u0130S"},"image":{"@id":"https:\/\/tahasservis.com\/#\/schema\/logo\/image\/"}},{"@type":"Person","@id":"https:\/\/tahasservis.com\/#\/schema\/person\/dcc8e69a1a683906b597f6df39e4cf30","name":"tahas-yonetim","image":{"@type":"ImageObject","inLanguage":"en-US","@id":"https:\/\/tahasservis.com\/#\/schema\/person\/image\/","url":"https:\/\/secure.gravatar.com\/avatar\/ed78e5bd60b15c34eb09a92a753042c8c007ea7e517e148043543031cb0acebb?s=96&d=mm&r=g","contentUrl":"https:\/\/secure.gravatar.com\/avatar\/ed78e5bd60b15c34eb09a92a753042c8c007ea7e517e148043543031cb0acebb?s=96&d=mm&r=g","caption":"tahas-yonetim"}}]}},"_links":{"self":[{"href":"http:\/\/tahasservis.com\/en\/wp-json\/wp\/v2\/posts\/2120","targetHints":{"allow":["GET"]}}],"collection":[{"href":"http:\/\/tahasservis.com\/en\/wp-json\/wp\/v2\/posts"}],"about":[{"href":"http:\/\/tahasservis.com\/en\/wp-json\/wp\/v2\/types\/post"}],"author":[{"embeddable":true,"href":"http:\/\/tahasservis.com\/en\/wp-json\/wp\/v2\/users\/3"}],"replies":[{"embeddable":true,"href":"http:\/\/tahasservis.com\/en\/wp-json\/wp\/v2\/comments?post=2120"}],"version-history":[{"count":0,"href":"http:\/\/tahasservis.com\/en\/wp-json\/wp\/v2\/posts\/2120\/revisions"}],"wp:featuredmedia":[{"embeddable":true,"href":"http:\/\/tahasservis.com\/en\/wp-json\/wp\/v2\/media\/2121"}],"wp:attachment":[{"href":"http:\/\/tahasservis.com\/en\/wp-json\/wp\/v2\/media?parent=2120"}],"wp:term":[{"taxonomy":"category","embeddable":true,"href":"http:\/\/tahasservis.com\/en\/wp-json\/wp\/v2\/categories?post=2120"},{"taxonomy":"post_tag","embeddable":true,"href":"http:\/\/tahasservis.com\/en\/wp-json\/wp\/v2\/tags?post=2120"}],"curies":[{"name":"wp","href":"https:\/\/api.w.org\/{rel}","templated":true}]}}