{"id":2126,"date":"2021-09-25T10:40:00","date_gmt":"2021-09-25T10:40:00","guid":{"rendered":"https:\/\/tahasservis.com\/?p=2126"},"modified":"2022-03-17T13:14:39","modified_gmt":"2022-03-17T13:14:39","slug":"vidali-kompresor-nedir-ve-kullanim-alanlari-neler","status":"publish","type":"post","link":"http:\/\/tahasservis.com\/en\/vidali-kompresor-nedir-ve-kullanim-alanlari-neler\/","title":{"rendered":"Vidal\u0131 Kompres\u00f6r Nedir ve Kullan\u0131m Alanlar\u0131 Nelerdir?"},"content":{"rendered":"<p class=\"has-text-align-left\">             G\u00fcn\u00fcm\u00fcz d\u00fcnyas\u0131nda ad\u0131n\u0131 s\u0131kl\u0131kla duydu\u011fumuz ve \u00e7e\u015fitli kullan\u0131m alanlar\u0131 olan makinelerden birisi kompres\u00f6rd\u00fcr. \u00c7e\u015fitli hidrolik ihtiya\u00e7lar\u0131n kar\u015f\u0131lanmas\u0131 i\u00e7in do\u011fadaki havay\u0131 kullanan daha do\u011frusu s\u0131k\u0131\u015ft\u0131ran kompres\u00f6rler olduk\u00e7a farkl\u0131 alanlarda kullan\u0131labilmektir. Kompres\u00f6rlere bu esnekli\u011fi sa\u011flayan durumlardan birisi de farkl\u0131 ihtiya\u00e7lar i\u00e7in pek \u00e7ok farkl\u0131 t\u00fcrde kompres\u00f6r \u00fcretilebilmesidir. Bahsi ge\u00e7en bu kompres\u00f6r t\u00fcrlerine \u00f6rnek olarak \u201cvidal\u0131 kompres\u00f6r\u201d \u00f6rnek verilebilir. Peki bahsi ge\u00e7en bu kompres\u00f6r t\u00fcr\u00fc, bir ba\u015fka deyi\u015fle vidal\u0131 kompres\u00f6r, nedir, nas\u0131l \u00e7al\u0131\u015f\u0131r ve bu kompres\u00f6r t\u00fcr\u00fcn\u00fcn kullan\u0131m alanlar\u0131 nelerdir? Bu yaz\u0131da t\u00fcm bu sorular\u0131n cevab\u0131n\u0131 bulabileceksiniz&#8230;<\/p>\n\n\n\n<h2 class=\"wp-block-heading\" id=\"h-vidal-kompres-r-nedir\"><strong>Vidal\u0131 Kompres\u00f6r Nedir?<\/strong><\/h2>\n\n\n\n<p>&nbsp;&nbsp;&nbsp;&nbsp;&nbsp;&nbsp;&nbsp;&nbsp;&nbsp;&nbsp;&nbsp; Yaz\u0131n\u0131n ba\u015f\u0131nda da ifade edildi\u011fi \u00fczere bir kompres\u00f6r t\u00fcr\u00fc olan vidal\u0131 kompres\u00f6r, en sade \u015fekliyle, bas\u0131n\u00e7l\u0131 hava \u00fcretmek i\u00e7in kullan\u0131lan kompres\u00f6r t\u00fcr\u00fc olarak tan\u0131mlanabilir. Bahsi ge\u00e7en bu bas\u0131n\u00e7l\u0131 havay\u0131 \u00fcretmek i\u00e7in birbirine entegre yani birbirine ge\u00e7mi\u015f bir durumda olan bir \u00e7ift rotor kullanan bu kompres\u00f6rler, belli ba\u015fl\u0131 y\u00f6nleriyle di\u011fer kompres\u00f6r t\u00fcrlerinden farkl\u0131d\u0131r. \u00d6rne\u011fin vidal\u0131 olan kompres\u00f6r \u00e7e\u015fitlerinde, di\u011fer kompres\u00f6rlerin aksine, herhangi bir piston bulunmaz.<\/p>\n\n\n\n<p>&nbsp;&nbsp;&nbsp;&nbsp;&nbsp;&nbsp;&nbsp;&nbsp;&nbsp;&nbsp;&nbsp; Pek \u00e7ok makinenin \u00e7al\u0131\u015fmas\u0131 i\u00e7in ihtiya\u00e7 duydu\u011fu bas\u0131n\u00e7l\u0131 havay\u0131 \u00fcreten bu kompres\u00f6rlerin \u00e7al\u0131\u015fma prensibinde ad\u0131ndan da anla\u015f\u0131labilece\u011fi \u00fczere vidalar olduk\u00e7a aktif rol oynar. Zira bu kompres\u00f6rlerin temel \u00e7al\u0131\u015fma mant\u0131\u011f\u0131nda 2 vidan\u0131n senkronize \u015fekilde yapt\u0131\u011f\u0131 hareketler vard\u0131r. \u0130ki vidan\u0131n e\u015f zamanl\u0131 hareketi sonucu i\u00e7eride gaz s\u0131k\u0131\u015fmas\u0131 olur ve bas\u0131n\u00e7l\u0131 hava \u00fcretimi sa\u011flan\u0131r.<\/p>\n\n\n\n<h2 class=\"wp-block-heading\" id=\"h-vidal-kompres-r-al-ma-prensibi\"><strong>Vidal\u0131 Kompres\u00f6r \u00c7al\u0131\u015fma Prensibi<\/strong><\/h2>\n\n\n\n<p>&nbsp;&nbsp;&nbsp;&nbsp;&nbsp;&nbsp;&nbsp;&nbsp;&nbsp;&nbsp;&nbsp; \u00c7al\u0131\u015fma mant\u0131\u011f\u0131 en genel haliyle yukar\u0131daki \u015fekilde olan bu kompres\u00f6r t\u00fcr\u00fcn\u00fcn detayl\u0131 temel \u00e7al\u0131\u015fma prensibi de maddeler halinde \u015fu \u015fekildedir:<\/p>\n\n\n\n<ul class=\"wp-block-list\"><li>Kompres\u00f6rde bulunan ve \u201ckompres\u00f6r tahrik eleman\u0131\u201d ad\u0131 verilen eleman arac\u0131l\u0131\u011f\u0131yla kompres\u00f6r motorunun hareketinin vida grubuna aktar\u0131m\u0131 sa\u011flan\u0131r.<\/li><li>Rotor ikilisi d\u00f6nerek kompres\u00f6r\u00fcn emi\u015f k\u0131sm\u0131nda vakum olu\u015fturur.<\/li><li>Olu\u015fan vakum sayesinde hava emilimi olur. Emilen hava filtreler arac\u0131l\u0131\u011f\u0131yla temizlendikten sonra vida grubu bo\u015fluklar\u0131ndan \u00e7\u0131k\u0131\u015f k\u0131sm\u0131na do\u011fru bir harekete ba\u015flar.<\/li><li>Bu hareket s\u00fcresince kompres\u00f6r i\u00e7erisindeki havan\u0131n hacmi de\u011fi\u015fikli\u011finden kaynakl\u0131 bir s\u0131cakl\u0131k ve bas\u0131n\u00e7 y\u00fckseli\u015fi meydana gelir.<\/li><li>Y\u00fckselen \u0131s\u0131 vida grubuna ya\u011f p\u00fcsk\u00fcrterek al\u0131nabilir.<\/li><\/ul>\n\n\n\n<p>Kompres\u00f6r\u00fcn \u00e7al\u0131\u015fma prensibine ili\u015fkin belli ba\u015fl\u0131 temel maddeler ve s\u00fcre\u00e7ler yukar\u0131da g\u00f6r\u00fcld\u00fc\u011f\u00fc \u015fekildedir. Peki bu t\u00fcr kompres\u00f6rlerin kullan\u0131m alanlar\u0131 nelerdir ve bu kompres\u00f6rler bu alanlarda hangi ama\u00e7larla kullan\u0131l\u0131r?<\/p>\n\n\n\n<h2 class=\"wp-block-heading\" id=\"h-vidal-kompres-r-kullan-m-alanlar\"><strong>Vidal\u0131 Kompres\u00f6r Kullan\u0131m Alanlar\u0131<\/strong><\/h2>\n\n\n\n<p>&nbsp;&nbsp;&nbsp;&nbsp;&nbsp;&nbsp;&nbsp;&nbsp;&nbsp;&nbsp;&nbsp; Vidal\u0131 kompres\u00f6r, di\u011fer kompres\u00f6r t\u00fcrlerinden ayr\u0131lan \u00f6zellikleri sayesinde kullan\u0131c\u0131s\u0131na bas\u0131n\u00e7l\u0131 hava \u00fcretim s\u00fcrecinde pek \u00e7ok avantaj sa\u011flar. \u00d6rne\u011fin kompres\u00f6rlerin vidal\u0131 versiyonlar\u0131, d\u00fcz kompres\u00f6rlere k\u0131yasla \u00e7ok daha az yer kaplayan ve daha basit bir \u015fekilde tasarlanan versiyonlard\u0131r. Bu sayede bu t\u00fcr kompres\u00f6rlerin bak\u0131m\u0131 kolayd\u0131r. Bunun yan\u0131 s\u0131ra kompres\u00f6rlerin tamir edilmesi ya da tamir kapsam\u0131nda yedek par\u00e7a temin edilmesi i\u015flemleri bu tarz kompres\u00f6rler i\u00e7in \u00e7ok daha kolayd\u0131r.<\/p>\n\n\n\n<p>&nbsp;&nbsp;&nbsp;&nbsp;&nbsp;&nbsp;&nbsp;&nbsp;&nbsp;&nbsp;&nbsp; T\u00fcm bu avantajlar\u0131n yan\u0131 s\u0131ra daha uzun \u00f6m\u00fcrl\u00fc olmas\u0131 ve daha d\u00fc\u015f\u00fck maliyete sahip olmas\u0131, vidal\u0131 kompres\u00f6rlerin pek \u00e7ok alanda kullan\u0131lmas\u0131n sebep olur.<\/p>\n\n\n\n<p>&nbsp;&nbsp;&nbsp;&nbsp;&nbsp;&nbsp;&nbsp;&nbsp;&nbsp;&nbsp;&nbsp; Bahsi ge\u00e7en bu kullan\u0131m alanlar\u0131 olduk\u00e7a geni\u015ftir. Bu geni\u015f kullan\u0131m alanlar\u0131n\u0131n baz\u0131lar\u0131 maddeler halinde \u015fu \u015fekilde listelenebilir:<\/p>\n\n\n\n<ul class=\"wp-block-list\"><li>Otomotiv sekt\u00f6r\u00fc<\/li><li>\u0130n\u015faat Sekt\u00f6r\u00fc<\/li><li>Sanayi<\/li><li>\u00c7e\u015fitli at\u00f6lyeler<\/li><\/ul>\n\n\n\n<p>Yukar\u0131da maddeler halinde g\u00f6r\u00fclen sekt\u00f6r ve kullan\u0131m alanlar\u0131nda yap\u0131lacak \u00fcretimler i\u00e7in bas\u0131n\u00e7l\u0131 hava kullan\u0131m ihtiyac\u0131 do\u011fmaktad\u0131r. Geli\u015fen teknolojinin t\u00fcm imkanlar\u0131ndan yararlanmak isteyen firmalar ise <a href=\"https:\/\/tahasservis.com\/en\/yagli-vidali-kompresorler\/\">vidal\u0131 kompres\u00f6r<\/a> kullanarak bu ihtiyac\u0131 hem en h\u0131zl\u0131 hem en kaliteli hem de en pratik \u015fekilde kar\u015f\u0131lamaktad\u0131r.<\/p>\n\n\n\n<p>&nbsp;&nbsp;&nbsp;&nbsp;&nbsp;&nbsp;&nbsp;&nbsp;&nbsp;&nbsp;&nbsp; \u00d6zetle, bahsi ge\u00e7en bu kompres\u00f6r t\u00fcr\u00fc bas\u0131n\u00e7l\u0131 hava elde etmeye yarayan olduk\u00e7a avantajl\u0131 bir \u00fcr\u00fcnd\u00fcr ve g\u00fcn\u00fcm\u00fcz teknolojisi kapsam\u0131nda olduk\u00e7a geni\u015f bir kullan\u0131m alan\u0131na sahiptir.<\/p>","protected":false},"excerpt":{"rendered":"<p>G\u00fcn\u00fcm\u00fcz d\u00fcnyas\u0131nda ad\u0131n\u0131 s\u0131kl\u0131kla duydu\u011fumuz ve \u00e7e\u015fitli kullan\u0131m alanlar\u0131 olan makinelerden birisi kompres\u00f6rd\u00fcr. \u00c7e\u015fitli hidrolik ihtiya\u00e7lar\u0131n kar\u015f\u0131lanmas\u0131 i\u00e7in do\u011fadaki havay\u0131 kullanan daha do\u011frusu s\u0131k\u0131\u015ft\u0131ran kompres\u00f6rler olduk\u00e7a farkl\u0131 alanlarda kullan\u0131labilmektir. Kompres\u00f6rlere bu esnekli\u011fi sa\u011flayan durumlardan birisi de farkl\u0131 ihtiya\u00e7lar i\u00e7in pek \u00e7ok farkl\u0131 t\u00fcrde kompres\u00f6r \u00fcretilebilmesidir. Bahsi ge\u00e7en bu kompres\u00f6r t\u00fcrlerine \u00f6rnek olarak \u201cvidal\u0131 kompres\u00f6r\u201d \u00f6rnek [&hellip;]<\/p>","protected":false},"author":3,"featured_media":2127,"comment_status":"open","ping_status":"open","sticky":false,"template":"","format":"standard","meta":{"footnotes":""},"categories":[1,86],"tags":[90,60,61],"class_list":["post-2126","post","type-post","status-publish","format-standard","has-post-thumbnail","hentry","category-genel","category-kompresorler","tag-vidali-kompresor-2","tag-yagli-vidali-kompresor","tag-yagsiz-vidali-kompresor"],"yoast_head":"<!-- This site is optimized with the Yoast SEO Premium plugin v16.1 (Yoast SEO v25.6) - https:\/\/yoast.com\/wordpress\/plugins\/seo\/ -->\n<title>Vidal\u0131 Kompres\u00f6r Nedir ve Kullan\u0131m Alanlar\u0131 Nelerdir? - Taha\u015f Servis<\/title>\n<meta name=\"description\" content=\"Vidal\u0131 kompres\u00f6r, nedir, nas\u0131l \u00e7al\u0131\u015f\u0131r ve bu kompres\u00f6r t\u00fcr\u00fcn\u00fcn kullan\u0131m alanlar\u0131 nelerdir? Bu yaz\u0131da bu sorular\u0131n cevab\u0131n\u0131 bulabileceksiniz.\" \/>\n<meta name=\"robots\" content=\"index, follow, max-snippet:-1, max-image-preview:large, max-video-preview:-1\" \/>\n<link rel=\"canonical\" href=\"https:\/\/tahasservis.com\/en\/vidali-kompresor-nedir-ve-kullanim-alanlari-neler\/\" \/>\n<meta property=\"og:locale\" content=\"en_US\" \/>\n<meta property=\"og:type\" content=\"article\" \/>\n<meta property=\"og:title\" content=\"Vidal\u0131 Kompres\u00f6r Nedir ve Kullan\u0131m Alanlar\u0131 Nelerdir? - Taha\u015f Servis\" \/>\n<meta property=\"og:description\" content=\"Vidal\u0131 kompres\u00f6r, nedir, nas\u0131l \u00e7al\u0131\u015f\u0131r ve bu kompres\u00f6r t\u00fcr\u00fcn\u00fcn kullan\u0131m alanlar\u0131 nelerdir? Bu yaz\u0131da bu sorular\u0131n cevab\u0131n\u0131 bulabileceksiniz.\" \/>\n<meta property=\"og:url\" content=\"https:\/\/tahasservis.com\/en\/vidali-kompresor-nedir-ve-kullanim-alanlari-neler\/\" \/>\n<meta property=\"og:site_name\" content=\"Taha\u015f Servis\" \/>\n<meta property=\"article:published_time\" content=\"2021-09-25T10:40:00+00:00\" \/>\n<meta property=\"article:modified_time\" content=\"2022-03-17T13:14:39+00:00\" \/>\n<meta property=\"og:image\" content=\"https:\/\/tahasservis.com\/wp-content\/uploads\/2021\/09\/vidali-kompresor-nedir-nerelerde-kullanilir.jpg\" \/>\n\t<meta property=\"og:image:width\" content=\"1024\" \/>\n\t<meta property=\"og:image:height\" content=\"597\" \/>\n\t<meta property=\"og:image:type\" content=\"image\/jpeg\" \/>\n<meta name=\"author\" content=\"tahas-yonetim\" \/>\n<meta name=\"twitter:card\" content=\"summary_large_image\" \/>\n<meta name=\"twitter:label1\" content=\"Written by\" \/>\n\t<meta name=\"twitter:data1\" content=\"tahas-yonetim\" \/>\n\t<meta name=\"twitter:label2\" content=\"Est. reading time\" \/>\n\t<meta name=\"twitter:data2\" content=\"3 minutes\" \/>\n<script type=\"application\/ld+json\" class=\"yoast-schema-graph\">{\"@context\":\"https:\/\/schema.org\",\"@graph\":[{\"@type\":\"Article\",\"@id\":\"https:\/\/tahasservis.com\/vidali-kompresor-nedir-ve-kullanim-alanlari-neler\/#article\",\"isPartOf\":{\"@id\":\"https:\/\/tahasservis.com\/vidali-kompresor-nedir-ve-kullanim-alanlari-neler\/\"},\"author\":{\"name\":\"tahas-yonetim\",\"@id\":\"https:\/\/tahasservis.com\/#\/schema\/person\/dcc8e69a1a683906b597f6df39e4cf30\"},\"headline\":\"Vidal\u0131 Kompres\u00f6r Nedir ve Kullan\u0131m Alanlar\u0131 Nelerdir?\",\"datePublished\":\"2021-09-25T10:40:00+00:00\",\"dateModified\":\"2022-03-17T13:14:39+00:00\",\"mainEntityOfPage\":{\"@id\":\"https:\/\/tahasservis.com\/vidali-kompresor-nedir-ve-kullanim-alanlari-neler\/\"},\"wordCount\":854,\"commentCount\":0,\"publisher\":{\"@id\":\"https:\/\/tahasservis.com\/#organization\"},\"image\":{\"@id\":\"https:\/\/tahasservis.com\/vidali-kompresor-nedir-ve-kullanim-alanlari-neler\/#primaryimage\"},\"thumbnailUrl\":\"http:\/\/tahasservis.com\/wp-content\/uploads\/2021\/09\/vidali-kompresor-nedir-nerelerde-kullanilir.jpg\",\"keywords\":[\"vidal\u0131 kompres\u00f6r\",\"ya\u011fl\u0131 vidal\u0131 kompres\u00f6r\",\"ya\u011fs\u0131z vidal\u0131 kompres\u00f6r\"],\"articleSection\":[\"Genel\",\"Kompres\u00f6rler\"],\"inLanguage\":\"en-US\"},{\"@type\":\"WebPage\",\"@id\":\"https:\/\/tahasservis.com\/vidali-kompresor-nedir-ve-kullanim-alanlari-neler\/\",\"url\":\"https:\/\/tahasservis.com\/vidali-kompresor-nedir-ve-kullanim-alanlari-neler\/\",\"name\":\"Vidal\u0131 Kompres\u00f6r Nedir ve Kullan\u0131m Alanlar\u0131 Nelerdir? - Taha\u015f Servis\",\"isPartOf\":{\"@id\":\"https:\/\/tahasservis.com\/#website\"},\"primaryImageOfPage\":{\"@id\":\"https:\/\/tahasservis.com\/vidali-kompresor-nedir-ve-kullanim-alanlari-neler\/#primaryimage\"},\"image\":{\"@id\":\"https:\/\/tahasservis.com\/vidali-kompresor-nedir-ve-kullanim-alanlari-neler\/#primaryimage\"},\"thumbnailUrl\":\"http:\/\/tahasservis.com\/wp-content\/uploads\/2021\/09\/vidali-kompresor-nedir-nerelerde-kullanilir.jpg\",\"datePublished\":\"2021-09-25T10:40:00+00:00\",\"dateModified\":\"2022-03-17T13:14:39+00:00\",\"description\":\"Vidal\u0131 kompres\u00f6r, nedir, nas\u0131l \u00e7al\u0131\u015f\u0131r ve bu kompres\u00f6r t\u00fcr\u00fcn\u00fcn kullan\u0131m alanlar\u0131 nelerdir? Bu yaz\u0131da bu sorular\u0131n cevab\u0131n\u0131 bulabileceksiniz.\",\"breadcrumb\":{\"@id\":\"https:\/\/tahasservis.com\/vidali-kompresor-nedir-ve-kullanim-alanlari-neler\/#breadcrumb\"},\"inLanguage\":\"en-US\",\"potentialAction\":[{\"@type\":\"ReadAction\",\"target\":[\"https:\/\/tahasservis.com\/vidali-kompresor-nedir-ve-kullanim-alanlari-neler\/\"]}]},{\"@type\":\"ImageObject\",\"inLanguage\":\"en-US\",\"@id\":\"https:\/\/tahasservis.com\/vidali-kompresor-nedir-ve-kullanim-alanlari-neler\/#primaryimage\",\"url\":\"http:\/\/tahasservis.com\/wp-content\/uploads\/2021\/09\/vidali-kompresor-nedir-nerelerde-kullanilir.jpg\",\"contentUrl\":\"http:\/\/tahasservis.com\/wp-content\/uploads\/2021\/09\/vidali-kompresor-nedir-nerelerde-kullanilir.jpg\",\"width\":1024,\"height\":597,\"caption\":\"vidali kompresor nedir nerelerde kullan\u0131l\u0131r\"},{\"@type\":\"BreadcrumbList\",\"@id\":\"https:\/\/tahasservis.com\/vidali-kompresor-nedir-ve-kullanim-alanlari-neler\/#breadcrumb\",\"itemListElement\":[{\"@type\":\"ListItem\",\"position\":1,\"name\":\"Home\",\"item\":\"https:\/\/tahasservis.com\/\"},{\"@type\":\"ListItem\",\"position\":2,\"name\":\"Vidal\u0131 Kompres\u00f6r Nedir ve Kullan\u0131m Alanlar\u0131 Nelerdir?\"}]},{\"@type\":\"WebSite\",\"@id\":\"https:\/\/tahasservis.com\/#website\",\"url\":\"https:\/\/tahasservis.com\/\",\"name\":\"Taha\u015f Servis\",\"description\":\"Taha\u015f Tazyikli Hava Servisi A.\u015e\",\"publisher\":{\"@id\":\"https:\/\/tahasservis.com\/#organization\"},\"potentialAction\":[{\"@type\":\"SearchAction\",\"target\":{\"@type\":\"EntryPoint\",\"urlTemplate\":\"https:\/\/tahasservis.com\/?s={search_term_string}\"},\"query-input\":{\"@type\":\"PropertyValueSpecification\",\"valueRequired\":true,\"valueName\":\"search_term_string\"}}],\"inLanguage\":\"en-US\"},{\"@type\":\"Organization\",\"@id\":\"https:\/\/tahasservis.com\/#organization\",\"name\":\"TAHA\u015e SERV\u0130S\",\"url\":\"https:\/\/tahasservis.com\/\",\"logo\":{\"@type\":\"ImageObject\",\"inLanguage\":\"en-US\",\"@id\":\"https:\/\/tahasservis.com\/#\/schema\/logo\/image\/\",\"url\":\"https:\/\/tahasservis.com\/wp-content\/uploads\/2020\/12\/cropped-Tahas_Logo.png\",\"contentUrl\":\"https:\/\/tahasservis.com\/wp-content\/uploads\/2020\/12\/cropped-Tahas_Logo.png\",\"width\":512,\"height\":512,\"caption\":\"TAHA\u015e SERV\u0130S\"},\"image\":{\"@id\":\"https:\/\/tahasservis.com\/#\/schema\/logo\/image\/\"}},{\"@type\":\"Person\",\"@id\":\"https:\/\/tahasservis.com\/#\/schema\/person\/dcc8e69a1a683906b597f6df39e4cf30\",\"name\":\"tahas-yonetim\",\"image\":{\"@type\":\"ImageObject\",\"inLanguage\":\"en-US\",\"@id\":\"https:\/\/tahasservis.com\/#\/schema\/person\/image\/\",\"url\":\"https:\/\/secure.gravatar.com\/avatar\/ed78e5bd60b15c34eb09a92a753042c8c007ea7e517e148043543031cb0acebb?s=96&d=mm&r=g\",\"contentUrl\":\"https:\/\/secure.gravatar.com\/avatar\/ed78e5bd60b15c34eb09a92a753042c8c007ea7e517e148043543031cb0acebb?s=96&d=mm&r=g\",\"caption\":\"tahas-yonetim\"}}]}<\/script>\n<!-- \/ Yoast SEO Premium plugin. -->","yoast_head_json":{"title":"Vidal\u0131 Kompres\u00f6r Nedir ve Kullan\u0131m Alanlar\u0131 Nelerdir? - Taha\u015f Servis","description":"Vidal\u0131 kompres\u00f6r, nedir, nas\u0131l \u00e7al\u0131\u015f\u0131r ve bu kompres\u00f6r t\u00fcr\u00fcn\u00fcn kullan\u0131m alanlar\u0131 nelerdir? Bu yaz\u0131da bu sorular\u0131n cevab\u0131n\u0131 bulabileceksiniz.","robots":{"index":"index","follow":"follow","max-snippet":"max-snippet:-1","max-image-preview":"max-image-preview:large","max-video-preview":"max-video-preview:-1"},"canonical":"https:\/\/tahasservis.com\/en\/vidali-kompresor-nedir-ve-kullanim-alanlari-neler\/","og_locale":"en_US","og_type":"article","og_title":"Vidal\u0131 Kompres\u00f6r Nedir ve Kullan\u0131m Alanlar\u0131 Nelerdir? - Taha\u015f Servis","og_description":"Vidal\u0131 kompres\u00f6r, nedir, nas\u0131l \u00e7al\u0131\u015f\u0131r ve bu kompres\u00f6r t\u00fcr\u00fcn\u00fcn kullan\u0131m alanlar\u0131 nelerdir? Bu yaz\u0131da bu sorular\u0131n cevab\u0131n\u0131 bulabileceksiniz.","og_url":"https:\/\/tahasservis.com\/en\/vidali-kompresor-nedir-ve-kullanim-alanlari-neler\/","og_site_name":"Taha\u015f Servis","article_published_time":"2021-09-25T10:40:00+00:00","article_modified_time":"2022-03-17T13:14:39+00:00","og_image":[{"width":1024,"height":597,"url":"https:\/\/tahasservis.com\/wp-content\/uploads\/2021\/09\/vidali-kompresor-nedir-nerelerde-kullanilir.jpg","type":"image\/jpeg"}],"author":"tahas-yonetim","twitter_card":"summary_large_image","twitter_misc":{"Written by":"tahas-yonetim","Est. reading time":"3 minutes"},"schema":{"@context":"https:\/\/schema.org","@graph":[{"@type":"Article","@id":"https:\/\/tahasservis.com\/vidali-kompresor-nedir-ve-kullanim-alanlari-neler\/#article","isPartOf":{"@id":"https:\/\/tahasservis.com\/vidali-kompresor-nedir-ve-kullanim-alanlari-neler\/"},"author":{"name":"tahas-yonetim","@id":"https:\/\/tahasservis.com\/#\/schema\/person\/dcc8e69a1a683906b597f6df39e4cf30"},"headline":"Vidal\u0131 Kompres\u00f6r Nedir ve Kullan\u0131m Alanlar\u0131 Nelerdir?","datePublished":"2021-09-25T10:40:00+00:00","dateModified":"2022-03-17T13:14:39+00:00","mainEntityOfPage":{"@id":"https:\/\/tahasservis.com\/vidali-kompresor-nedir-ve-kullanim-alanlari-neler\/"},"wordCount":854,"commentCount":0,"publisher":{"@id":"https:\/\/tahasservis.com\/#organization"},"image":{"@id":"https:\/\/tahasservis.com\/vidali-kompresor-nedir-ve-kullanim-alanlari-neler\/#primaryimage"},"thumbnailUrl":"http:\/\/tahasservis.com\/wp-content\/uploads\/2021\/09\/vidali-kompresor-nedir-nerelerde-kullanilir.jpg","keywords":["vidal\u0131 kompres\u00f6r","ya\u011fl\u0131 vidal\u0131 kompres\u00f6r","ya\u011fs\u0131z vidal\u0131 kompres\u00f6r"],"articleSection":["Genel","Kompres\u00f6rler"],"inLanguage":"en-US"},{"@type":"WebPage","@id":"https:\/\/tahasservis.com\/vidali-kompresor-nedir-ve-kullanim-alanlari-neler\/","url":"https:\/\/tahasservis.com\/vidali-kompresor-nedir-ve-kullanim-alanlari-neler\/","name":"Vidal\u0131 Kompres\u00f6r Nedir ve Kullan\u0131m Alanlar\u0131 Nelerdir? - Taha\u015f Servis","isPartOf":{"@id":"https:\/\/tahasservis.com\/#website"},"primaryImageOfPage":{"@id":"https:\/\/tahasservis.com\/vidali-kompresor-nedir-ve-kullanim-alanlari-neler\/#primaryimage"},"image":{"@id":"https:\/\/tahasservis.com\/vidali-kompresor-nedir-ve-kullanim-alanlari-neler\/#primaryimage"},"thumbnailUrl":"http:\/\/tahasservis.com\/wp-content\/uploads\/2021\/09\/vidali-kompresor-nedir-nerelerde-kullanilir.jpg","datePublished":"2021-09-25T10:40:00+00:00","dateModified":"2022-03-17T13:14:39+00:00","description":"Vidal\u0131 kompres\u00f6r, nedir, nas\u0131l \u00e7al\u0131\u015f\u0131r ve bu kompres\u00f6r t\u00fcr\u00fcn\u00fcn kullan\u0131m alanlar\u0131 nelerdir? Bu yaz\u0131da bu sorular\u0131n cevab\u0131n\u0131 bulabileceksiniz.","breadcrumb":{"@id":"https:\/\/tahasservis.com\/vidali-kompresor-nedir-ve-kullanim-alanlari-neler\/#breadcrumb"},"inLanguage":"en-US","potentialAction":[{"@type":"ReadAction","target":["https:\/\/tahasservis.com\/vidali-kompresor-nedir-ve-kullanim-alanlari-neler\/"]}]},{"@type":"ImageObject","inLanguage":"en-US","@id":"https:\/\/tahasservis.com\/vidali-kompresor-nedir-ve-kullanim-alanlari-neler\/#primaryimage","url":"http:\/\/tahasservis.com\/wp-content\/uploads\/2021\/09\/vidali-kompresor-nedir-nerelerde-kullanilir.jpg","contentUrl":"http:\/\/tahasservis.com\/wp-content\/uploads\/2021\/09\/vidali-kompresor-nedir-nerelerde-kullanilir.jpg","width":1024,"height":597,"caption":"vidali kompresor nedir nerelerde kullan\u0131l\u0131r"},{"@type":"BreadcrumbList","@id":"https:\/\/tahasservis.com\/vidali-kompresor-nedir-ve-kullanim-alanlari-neler\/#breadcrumb","itemListElement":[{"@type":"ListItem","position":1,"name":"Home","item":"https:\/\/tahasservis.com\/"},{"@type":"ListItem","position":2,"name":"Vidal\u0131 Kompres\u00f6r Nedir ve Kullan\u0131m Alanlar\u0131 Nelerdir?"}]},{"@type":"WebSite","@id":"https:\/\/tahasservis.com\/#website","url":"https:\/\/tahasservis.com\/","name":"Taha\u015f Servis","description":"Taha\u015f Tazyikli Hava Servisi A.\u015e","publisher":{"@id":"https:\/\/tahasservis.com\/#organization"},"potentialAction":[{"@type":"SearchAction","target":{"@type":"EntryPoint","urlTemplate":"https:\/\/tahasservis.com\/?s={search_term_string}"},"query-input":{"@type":"PropertyValueSpecification","valueRequired":true,"valueName":"search_term_string"}}],"inLanguage":"en-US"},{"@type":"Organization","@id":"https:\/\/tahasservis.com\/#organization","name":"TAHA\u015e SERV\u0130S","url":"https:\/\/tahasservis.com\/","logo":{"@type":"ImageObject","inLanguage":"en-US","@id":"https:\/\/tahasservis.com\/#\/schema\/logo\/image\/","url":"https:\/\/tahasservis.com\/wp-content\/uploads\/2020\/12\/cropped-Tahas_Logo.png","contentUrl":"https:\/\/tahasservis.com\/wp-content\/uploads\/2020\/12\/cropped-Tahas_Logo.png","width":512,"height":512,"caption":"TAHA\u015e SERV\u0130S"},"image":{"@id":"https:\/\/tahasservis.com\/#\/schema\/logo\/image\/"}},{"@type":"Person","@id":"https:\/\/tahasservis.com\/#\/schema\/person\/dcc8e69a1a683906b597f6df39e4cf30","name":"tahas-yonetim","image":{"@type":"ImageObject","inLanguage":"en-US","@id":"https:\/\/tahasservis.com\/#\/schema\/person\/image\/","url":"https:\/\/secure.gravatar.com\/avatar\/ed78e5bd60b15c34eb09a92a753042c8c007ea7e517e148043543031cb0acebb?s=96&d=mm&r=g","contentUrl":"https:\/\/secure.gravatar.com\/avatar\/ed78e5bd60b15c34eb09a92a753042c8c007ea7e517e148043543031cb0acebb?s=96&d=mm&r=g","caption":"tahas-yonetim"}}]}},"_links":{"self":[{"href":"http:\/\/tahasservis.com\/en\/wp-json\/wp\/v2\/posts\/2126","targetHints":{"allow":["GET"]}}],"collection":[{"href":"http:\/\/tahasservis.com\/en\/wp-json\/wp\/v2\/posts"}],"about":[{"href":"http:\/\/tahasservis.com\/en\/wp-json\/wp\/v2\/types\/post"}],"author":[{"embeddable":true,"href":"http:\/\/tahasservis.com\/en\/wp-json\/wp\/v2\/users\/3"}],"replies":[{"embeddable":true,"href":"http:\/\/tahasservis.com\/en\/wp-json\/wp\/v2\/comments?post=2126"}],"version-history":[{"count":0,"href":"http:\/\/tahasservis.com\/en\/wp-json\/wp\/v2\/posts\/2126\/revisions"}],"wp:featuredmedia":[{"embeddable":true,"href":"http:\/\/tahasservis.com\/en\/wp-json\/wp\/v2\/media\/2127"}],"wp:attachment":[{"href":"http:\/\/tahasservis.com\/en\/wp-json\/wp\/v2\/media?parent=2126"}],"wp:term":[{"taxonomy":"category","embeddable":true,"href":"http:\/\/tahasservis.com\/en\/wp-json\/wp\/v2\/categories?post=2126"},{"taxonomy":"post_tag","embeddable":true,"href":"http:\/\/tahasservis.com\/en\/wp-json\/wp\/v2\/tags?post=2126"}],"curies":[{"name":"wp","href":"https:\/\/api.w.org\/{rel}","templated":true}]}}