{"id":2293,"date":"2022-01-14T13:17:44","date_gmt":"2022-01-14T13:17:44","guid":{"rendered":"https:\/\/tahasservis.com\/?p=2293"},"modified":"2022-03-17T12:38:26","modified_gmt":"2022-03-17T12:38:26","slug":"vidali-kompresor-bakimi-nasil-yapilir-2","status":"publish","type":"post","link":"https:\/\/tahasservis.com\/en\/vidali-kompresor-bakimi-nasil-yapilir-2\/","title":{"rendered":"Vidal\u0131 Kompres\u00f6r Bak\u0131m\u0131 Nas\u0131l Yap\u0131l\u0131r?"},"content":{"rendered":"<p>Aral\u0131kl\u0131 hareket kompres\u00f6rleri aras\u0131nda yer alan <strong>vidal\u0131 kompres\u00f6r<\/strong> i\u00e7in bak\u0131m periyodu, \u00fcretici firma taraf\u0131ndan belirlenir. Bak\u0131m periyodundaki zamanlama ise genelde kompres\u00f6r \u00fczerine ili\u015ftirilmi\u015f etiketlerde yer al\u0131r. Ancak bu etiket d\u00fczenlemesinin markadan markaya de\u011fi\u015febilece\u011fi bilinmelidir. Kompres\u00f6r\u00fcn sa\u011fl\u0131kl\u0131 bir \u015fekilde \u00e7al\u0131\u015fmas\u0131 ve \u00f6mr\u00fcn\u00fcn uzun olabilmesi i\u00e7in ise bu bak\u0131m periyodunun yak\u0131ndan takip edilmesi gerekir.<\/p>\n\n\n\n<h2 class=\"wp-block-heading\" id=\"h-vidali-kompres-r-nedir\"><strong>Vidali Kompres\u00f6r Nedir?<\/strong><\/h2>\n\n\n\n<p><strong>Vidal\u0131 kompres\u00f6r<\/strong>, bas\u0131n\u00e7-ak\u0131\u015f \u015femas\u0131 bak\u0131m\u0131ndan di\u011fer kompres\u00f6rlere k\u0131yasla orta bas\u0131n\u00e7l\u0131 ve orta ak\u0131\u015fl\u0131 kompres\u00f6rler olarak s\u0131n\u0131fland\u0131r\u0131l\u0131r. Bu <strong>bas\u0131n\u00e7l\u0131 hava kompres\u00f6r\u00fc<\/strong> tipi, biri ana hareket ettirici \u00f6zellikte olan motor ve t\u00fcrbinden olu\u015fan s\u00fcr\u00fcc\u00fc monteli, di\u011feri ise tahrikli b\u00f6l\u00fcm olmak \u00fczere iki vida b\u00f6l\u00fcm\u00fcnden olu\u015fur. Rotor \u00e7ifti olarak da an\u0131lan bu mekanizmay\u0131 i\u00e7eren vidal\u0131 kompres\u00f6rler, pozitif yer de\u011fi\u015ftirmeli makineler aras\u0131ndad\u0131r. Bu rotor \u00e7ifti ise di\u011fer t\u00fcrdeki kompres\u00f6r \u00e7al\u0131\u015fma mekanizmalar\u0131nda bulunan piston veya benzeri mekanizmalar yerine alan bir sistemdir.<\/p>\n\n\n\n<p><strong>Vidal\u0131 kompres\u00f6r<\/strong>, \u00e7al\u0131\u015fma teorisi ise iki vidan\u0131n bas\u0131n\u00e7l\u0131 havay\u0131, s\u0131k\u0131\u015ft\u0131rma b\u00f6lgesinde s\u0131k\u0131\u015ft\u0131rarak bas\u0131nc\u0131n\u0131 y\u00fckseltmesi \u015feklinde i\u015flev g\u00f6r\u00fcr. Bu iki s\u0131k\u0131\u015ft\u0131ran s\u00fcr\u00fcc\u00fc, d\u00f6n\u00fc\u015f y\u00f6n\u00fcne g\u00f6re yani saat y\u00f6n\u00fcn\u00fcn tersine, birbirine z\u0131t olarak d\u00f6necek \u015fekilde di\u015fliler vas\u0131tas\u0131yla birbirine monte edilir. S\u0131k\u0131\u015ft\u0131r\u0131lm\u0131\u015f hava, kompres\u00f6r\u00fcn i\u00e7inde ya\u011f ile s\u0131k\u0131\u015ft\u0131r\u0131l\u0131rken, daha sonra s\u0131k\u0131\u015ft\u0131r\u0131lm\u0131\u015f ya\u011f ve hava, ayr\u0131\u015ft\u0131r\u0131lmak \u00fczere bir ya\u011f ay\u0131rma \u00fcnitesine g\u00f6nderilir.&nbsp;<\/p>\n\n\n\n<p>Daha sonraki s\u00fcre\u00e7te hava, tahliye hatt\u0131na al\u0131n\u0131rken, ya\u011f filtrasyon edilmek i\u00e7in ya\u011f filtresine, ard\u0131ndan da tekrar kompres\u00f6r\u00fcn emi\u015fine geri g\u00f6nderilir.&nbsp;Bu tip kompres\u00f6rler, \u00e7al\u0131\u015fma s\u0131ras\u0131ndaki titre\u015fim \u00f6l\u00e7\u00fcm\u00fcnde b\u00fcy\u00fck eksenel yer de\u011fi\u015ftirme ile karakterize edilir. Ve miktar olarak eksenel yer de\u011fi\u015ftirmesi, farkl\u0131 tipteki di\u011fer kompres\u00f6r modelleri ile k\u0131yasland\u0131\u011f\u0131nda daha y\u00fcksektir.Bas\u0131n\u00e7l\u0131 hava ile \u00e7al\u0131\u015fmas\u0131ndan dolay\u0131 bir<strong> bas\u0131n\u00e7l\u0131 hava kompres\u00f6r\u00fc <\/strong>modeli olan bu kompres\u00f6r, genelde 7-8 bar bas\u0131n\u00e7la \u00e7al\u0131\u015fmaktad\u0131r.<\/p>\n\n\n\n<figure class=\"wp-block-image size-large\"><img loading=\"lazy\" decoding=\"async\" width=\"1024\" height=\"724\" src=\"https:\/\/tahasservis.com\/wp-content\/uploads\/2022\/01\/vidali-kompresor-bakimi-nasil-yapilir-1-1024x724.jpg\" alt=\"\" class=\"wp-image-2295\" srcset=\"https:\/\/tahasservis.com\/wp-content\/uploads\/2022\/01\/vidali-kompresor-bakimi-nasil-yapilir-1-1024x724.jpg 1024w, https:\/\/tahasservis.com\/wp-content\/uploads\/2022\/01\/vidali-kompresor-bakimi-nasil-yapilir-1-300x212.jpg 300w, https:\/\/tahasservis.com\/wp-content\/uploads\/2022\/01\/vidali-kompresor-bakimi-nasil-yapilir-1-768x543.jpg 768w, https:\/\/tahasservis.com\/wp-content\/uploads\/2022\/01\/vidali-kompresor-bakimi-nasil-yapilir-1-1536x1086.jpg 1536w, https:\/\/tahasservis.com\/wp-content\/uploads\/2022\/01\/vidali-kompresor-bakimi-nasil-yapilir-1-2048x1448.jpg 2048w, https:\/\/tahasservis.com\/wp-content\/uploads\/2022\/01\/vidali-kompresor-bakimi-nasil-yapilir-1-18x12.jpg 18w, https:\/\/tahasservis.com\/wp-content\/uploads\/2022\/01\/vidali-kompresor-bakimi-nasil-yapilir-1-1200x848.jpg 1200w\" sizes=\"auto, (max-width: 1024px) 100vw, 1024px\" \/><\/figure>\n\n\n\n<h2 class=\"wp-block-heading\" id=\"h-vidal-kompres-r-bak-m-neden-nemlidir\"><strong>Vidal\u0131 Kompres\u00f6r Bak\u0131m\u0131 Neden \u00d6nemlidir?<\/strong><\/h2>\n\n\n\n<p><strong>Vidal\u0131 kompres\u00f6r<\/strong> bak\u0131mlar\u0131n\u0131n, s\u00fcrekli \u00e7al\u0131\u015fan her makinede oldu\u011fu gibi zaman\u0131nda ve olmas\u0131 gereken \u015fekilde yap\u0131lmas\u0131 \u00e7ok \u00f6nemlidir. Aksi takdirde bu bak\u0131m periyodunun aksamas\u0131, ar\u0131zalara, \u00fcretim kay\u0131plar\u0131na sebep olabilir. Bunun yan\u0131nda bak\u0131m\u0131n\u0131n aksat\u0131lmas\u0131n\u0131n neden oldu\u011fu kay\u0131plar bu kadarla da k\u0131s\u0131tl\u0131 kalmayabilir. Mesela bak\u0131m\u0131 yap\u0131lmam\u0131\u015f bir kompres\u00f6r, elektrik sarfiyat\u0131n\u0131 y\u00fckselterek maliyetleri art\u0131r\u0131rken, yeni kompres\u00f6r alma zaman\u0131n\u0131 da erken tarihe \u00e7ekebilir.<\/p>\n\n\n\n<p>Periyodik bak\u0131mlar\u0131n \u00fcretici firman\u0131n \u00f6nerdi\u011fi \u015fekilde ve konusunda uzman yetkili bir servi taraf\u0131ndan yap\u0131lmas\u0131 ise ayr\u0131ca \u00f6nemlidir. Her ne kadar firma sahipleri, kompres\u00f6r bak\u0131m\u0131n\u0131 maliyetleri d\u00fc\u015f\u00fcrmek i\u00e7in kendi b\u00fcnyesindeki personellere yapt\u0131rsa da, bu sa\u011fl\u0131kl\u0131 bir yakla\u015f\u0131m de\u011fildir. \u00c7\u00fcnk\u00fc <strong><a href=\"https:\/\/tahasservis.com\/en\/yagli-vidali-kompresorler\/\" target=\"_blank\" rel=\"noreferrer noopener\">vidal\u0131 kompres\u00f6r<\/a><\/strong> bak\u0131m\u0131 sadece ya\u011f de\u011fi\u015fimi ve filtre de\u011fi\u015fiminden ibaret de\u011fildir. Bu konuda bilgi sahibi olmayan biri ge\u00e7ici olarak bir bak\u0131m yapsa da, yap\u0131lan bak\u0131m\u0131n verimlili\u011fi k\u0131sa s\u00fcrer. Ve ilerideki d\u00f6nemde hi\u00e7 istenmeyen ar\u0131zalar \u00e7\u0131kartarak bahsi ge\u00e7en aksama ve dolay\u0131s\u0131yla kay\u0131plara neden olabilir.<\/p>\n\n\n\n<h2 class=\"wp-block-heading\" id=\"h-vidal-kompres-r-bak-m-a-amalar\"><strong>Vidal\u0131 Kompres\u00f6r Bak\u0131m A\u015famalar\u0131 &nbsp;<\/strong><\/h2>\n\n\n\n<p>Periyodik bak\u0131m zaman\u0131 yakla\u015fan bir vidal\u0131 kompres\u00f6r i\u00e7in \u00f6ncelikle <strong>Taha\u015f Servis<\/strong> gibi konusunda uzman ve yetkili bir servisten randevu talebinde bulunulmal\u0131d\u0131r. Bu ilk ad\u0131m\u0131 ger\u00e7ekle\u015ftirdikten sonra ise beraberce bak\u0131m tarihi kesinle\u015ftirilmelidir. Uzman bir servis ile i\u015fbirli\u011fi yap\u0131lmad\u0131\u011f\u0131 takdirde \u00f6denen servis paras\u0131 bo\u015fa giderken, zaman kayb\u0131 ve olas\u0131 kompres\u00f6r ar\u0131zalar\u0131 da cabas\u0131 kal\u0131r. Bunun yan\u0131nda bak\u0131m\u0131 yap\u0131ld\u0131\u011f\u0131 sand\u0131\u011f\u0131n\u0131z vidal\u0131 kompres\u00f6r\u00fcn\u00fcz zaman\u0131ndan \u00f6nce bozulabilir ve de\u011fi\u015fmesi gerekebilir.<\/p>\n\n\n\n<p>Kompres\u00f6r bak\u0131m\u0131nda servislerin uygulad\u0131\u011f\u0131 bak\u0131m prosed\u00fcr\u00fcn\u00fcn genel ad\u0131mlar\u0131 ise \u015fu \u015fekilde s\u0131ralanabilir;<\/p>\n\n\n\n<ul class=\"wp-block-list\"><li>Kompres\u00f6r\u00fc gelen elektrik kablolar\u0131n\u0131n kontrol\u00fc,<\/li><li>Kompres\u00f6r\u00fcn \u00e7ekti\u011fi amperin \u00f6l\u00e7\u00fcm\u00fc,<\/li><li>Genel elektrik sisteminin kontrol\u00fc,<\/li><li>Hava-ya\u011f radyat\u00f6r\u00fcn\u00fcn temizli\u011fi,<\/li><li>Is\u0131 termostat\u0131n\u0131n kontrol\u00fc,<\/li><li>Y\u00fcksek bas\u0131n\u00e7 motor korumas\u0131n\u0131n yap\u0131lmas\u0131 ve y\u00fcksek \u0131s\u0131 d\u00fc\u015f\u00fcm kontrol\u00fc,<\/li><li>Pn\u00f6matik hortumlar\u0131n kontrol\u00fc ve gerek g\u00f6r\u00fcl\u00fcrse de\u011fi\u015fimi,<\/li><li>Sepereta\u00f6r de\u011fi\u015fimi,<\/li><li>Hava filtresi de\u011fi\u015fimi,<\/li><li>Ya\u011f ilavesi veya de\u011fi\u015fimi,<\/li><li>Polent filtre de\u011fi\u015fimi,<\/li><li>Hava tanklar\u0131na gelen suyun kontrol\u00fc,<\/li><li>Hava kurutucu \u00fcnitenin kontrol\u00fc ve gerek varsa de\u011fi\u015fimi<\/li><\/ul>\n\n\n\n<p>Bu kontroller ve bak\u0131m yap\u0131l\u0131rken, s\u0131kl\u0131kla ba\u015ftan ya\u011f, ya\u011f filtresi ve hava filtresi de\u011fi\u015fimi yap\u0131lmaktad\u0131r. Di\u011fer kontroller sonunda ise gerek varsa di\u011fer par\u00e7a bak\u0131m ve de\u011fi\u015fimleri yap\u0131l\u0131r. Ancak ek maliyet getirecek par\u00e7a de\u011fi\u015fimi \u00f6ncesi m\u00fc\u015fteri bilgilendirerek, maliyeti ve de\u011fi\u015ftirilmedi\u011fi takdirde olas\u0131l\u0131klar konusunda bilgi verilmektedir. Sonras\u0131nda talebe g\u00f6re seperat\u00f6r panel, filtre emi\u015f grubu gibi di\u011fer b\u00f6l\u00fcmlerinde par\u00e7a de\u011fi\u015fimi yap\u0131labilmektedir.<\/p>\n\n\n\n<p>\u015eayet siz de kompres\u00f6r konusunda bak\u0131m ve servis ihtiyac\u0131 duyuyorsan\u0131z <a href=\"https:\/\/tahasservis.com\/en\/\">Taha\u015f Servis<\/a>  web sitesine girebilir, irtibata ge\u00e7erek randevu olu\u015fturabilirsiniz. Bunun yan\u0131nda kompres\u00f6r \u00e7e\u015fitlerimiz i\u00e7in \u00fcr\u00fcnler sayfam\u0131za g\u00f6z atabilir, kompres\u00f6r \u00e7\u00f6z\u00fcmlerine dair s\u00fcrekli g\u00fcncellenen <a href=\"https:\/\/tahasservis.com\/en\/blog\/\" target=\"_blank\" rel=\"noreferrer noopener\">blog<\/a> sayfam\u0131zdan bilgi edinebilirsiniz.&nbsp;<\/p>","protected":false},"excerpt":{"rendered":"<p>Aral\u0131kl\u0131 hareket kompres\u00f6rleri aras\u0131nda yer alan vidal\u0131 kompres\u00f6r i\u00e7in bak\u0131m periyodu, \u00fcretici firma taraf\u0131ndan belirlenir. Bak\u0131m periyodundaki zamanlama ise genelde kompres\u00f6r \u00fczerine ili\u015ftirilmi\u015f etiketlerde yer al\u0131r. Ancak bu etiket d\u00fczenlemesinin markadan markaya de\u011fi\u015febilece\u011fi bilinmelidir. Kompres\u00f6r\u00fcn sa\u011fl\u0131kl\u0131 bir \u015fekilde \u00e7al\u0131\u015fmas\u0131 ve \u00f6mr\u00fcn\u00fcn uzun olabilmesi i\u00e7in ise bu bak\u0131m periyodunun yak\u0131ndan takip edilmesi gerekir. Vidali Kompres\u00f6r Nedir? [&hellip;]<\/p>","protected":false},"author":3,"featured_media":2294,"comment_status":"open","ping_status":"open","sticky":false,"template":"","format":"standard","meta":{"footnotes":""},"categories":[1,86],"tags":[],"class_list":["post-2293","post","type-post","status-publish","format-standard","has-post-thumbnail","hentry","category-genel","category-kompresorler"],"yoast_head":"<!-- This site is optimized with the Yoast SEO Premium plugin v16.1 (Yoast SEO v25.6) - https:\/\/yoast.com\/wordpress\/plugins\/seo\/ -->\n<title>Vidal\u0131 Kompres\u00f6r Bak\u0131m\u0131 Nas\u0131l Yap\u0131l\u0131r? - Taha\u015f Servis<\/title>\n<meta name=\"description\" content=\"Aral\u0131kl\u0131 hareket kompres\u00f6rleri aras\u0131nda yer alan vidal\u0131 kompres\u00f6r i\u00e7in bak\u0131m periyodu, \u00fcretici firma taraf\u0131ndan belirlenir.\" \/>\n<meta name=\"robots\" content=\"index, follow, max-snippet:-1, max-image-preview:large, max-video-preview:-1\" \/>\n<link rel=\"canonical\" href=\"https:\/\/tahasservis.com\/en\/vidali-kompresor-bakimi-nasil-yapilir-2\/\" \/>\n<meta property=\"og:locale\" content=\"en_US\" \/>\n<meta property=\"og:type\" content=\"article\" \/>\n<meta property=\"og:title\" content=\"Vidal\u0131 Kompres\u00f6r Bak\u0131m\u0131 Nas\u0131l Yap\u0131l\u0131r? - Taha\u015f Servis\" \/>\n<meta property=\"og:description\" content=\"Aral\u0131kl\u0131 hareket kompres\u00f6rleri aras\u0131nda yer alan vidal\u0131 kompres\u00f6r i\u00e7in bak\u0131m periyodu, \u00fcretici firma taraf\u0131ndan belirlenir.\" \/>\n<meta property=\"og:url\" content=\"https:\/\/tahasservis.com\/en\/vidali-kompresor-bakimi-nasil-yapilir-2\/\" \/>\n<meta property=\"og:site_name\" content=\"Taha\u015f Servis\" \/>\n<meta property=\"article:published_time\" content=\"2022-01-14T13:17:44+00:00\" \/>\n<meta property=\"article:modified_time\" content=\"2022-03-17T12:38:26+00:00\" \/>\n<meta property=\"og:image\" content=\"https:\/\/tahasservis.com\/wp-content\/uploads\/2022\/01\/vidali-kompresor-bakimi-nasil-yapilir-scaled.jpg\" \/>\n\t<meta property=\"og:image:width\" content=\"2560\" \/>\n\t<meta property=\"og:image:height\" content=\"1810\" \/>\n\t<meta property=\"og:image:type\" content=\"image\/jpeg\" \/>\n<meta name=\"author\" content=\"tahas-yonetim\" \/>\n<meta name=\"twitter:card\" content=\"summary_large_image\" \/>\n<meta name=\"twitter:label1\" content=\"Written by\" \/>\n\t<meta name=\"twitter:data1\" content=\"tahas-yonetim\" \/>\n\t<meta name=\"twitter:label2\" content=\"Est. reading time\" \/>\n\t<meta name=\"twitter:data2\" content=\"5 minutes\" \/>\n<script type=\"application\/ld+json\" class=\"yoast-schema-graph\">{\"@context\":\"https:\/\/schema.org\",\"@graph\":[{\"@type\":\"Article\",\"@id\":\"https:\/\/tahasservis.com\/vidali-kompresor-bakimi-nasil-yapilir-2\/#article\",\"isPartOf\":{\"@id\":\"https:\/\/tahasservis.com\/vidali-kompresor-bakimi-nasil-yapilir-2\/\"},\"author\":{\"name\":\"tahas-yonetim\",\"@id\":\"https:\/\/tahasservis.com\/#\/schema\/person\/dcc8e69a1a683906b597f6df39e4cf30\"},\"headline\":\"Vidal\u0131 Kompres\u00f6r Bak\u0131m\u0131 Nas\u0131l Yap\u0131l\u0131r?\",\"datePublished\":\"2022-01-14T13:17:44+00:00\",\"dateModified\":\"2022-03-17T12:38:26+00:00\",\"mainEntityOfPage\":{\"@id\":\"https:\/\/tahasservis.com\/vidali-kompresor-bakimi-nasil-yapilir-2\/\"},\"wordCount\":1025,\"commentCount\":0,\"publisher\":{\"@id\":\"https:\/\/tahasservis.com\/#organization\"},\"image\":{\"@id\":\"https:\/\/tahasservis.com\/vidali-kompresor-bakimi-nasil-yapilir-2\/#primaryimage\"},\"thumbnailUrl\":\"https:\/\/tahasservis.com\/wp-content\/uploads\/2022\/01\/vidali-kompresor-bakimi-nasil-yapilir-scaled.jpg\",\"articleSection\":[\"Genel\",\"Kompres\u00f6rler\"],\"inLanguage\":\"en-US\"},{\"@type\":\"WebPage\",\"@id\":\"https:\/\/tahasservis.com\/vidali-kompresor-bakimi-nasil-yapilir-2\/\",\"url\":\"https:\/\/tahasservis.com\/vidali-kompresor-bakimi-nasil-yapilir-2\/\",\"name\":\"Vidal\u0131 Kompres\u00f6r Bak\u0131m\u0131 Nas\u0131l Yap\u0131l\u0131r? - Taha\u015f Servis\",\"isPartOf\":{\"@id\":\"https:\/\/tahasservis.com\/#website\"},\"primaryImageOfPage\":{\"@id\":\"https:\/\/tahasservis.com\/vidali-kompresor-bakimi-nasil-yapilir-2\/#primaryimage\"},\"image\":{\"@id\":\"https:\/\/tahasservis.com\/vidali-kompresor-bakimi-nasil-yapilir-2\/#primaryimage\"},\"thumbnailUrl\":\"https:\/\/tahasservis.com\/wp-content\/uploads\/2022\/01\/vidali-kompresor-bakimi-nasil-yapilir-scaled.jpg\",\"datePublished\":\"2022-01-14T13:17:44+00:00\",\"dateModified\":\"2022-03-17T12:38:26+00:00\",\"description\":\"Aral\u0131kl\u0131 hareket kompres\u00f6rleri aras\u0131nda yer alan vidal\u0131 kompres\u00f6r i\u00e7in bak\u0131m periyodu, \u00fcretici firma taraf\u0131ndan belirlenir.\",\"breadcrumb\":{\"@id\":\"https:\/\/tahasservis.com\/vidali-kompresor-bakimi-nasil-yapilir-2\/#breadcrumb\"},\"inLanguage\":\"en-US\",\"potentialAction\":[{\"@type\":\"ReadAction\",\"target\":[\"https:\/\/tahasservis.com\/vidali-kompresor-bakimi-nasil-yapilir-2\/\"]}]},{\"@type\":\"ImageObject\",\"inLanguage\":\"en-US\",\"@id\":\"https:\/\/tahasservis.com\/vidali-kompresor-bakimi-nasil-yapilir-2\/#primaryimage\",\"url\":\"https:\/\/tahasservis.com\/wp-content\/uploads\/2022\/01\/vidali-kompresor-bakimi-nasil-yapilir-scaled.jpg\",\"contentUrl\":\"https:\/\/tahasservis.com\/wp-content\/uploads\/2022\/01\/vidali-kompresor-bakimi-nasil-yapilir-scaled.jpg\",\"width\":2560,\"height\":1810,\"caption\":\"vidali-kompresor-bakimi-nasil-yapilir\"},{\"@type\":\"BreadcrumbList\",\"@id\":\"https:\/\/tahasservis.com\/vidali-kompresor-bakimi-nasil-yapilir-2\/#breadcrumb\",\"itemListElement\":[{\"@type\":\"ListItem\",\"position\":1,\"name\":\"Home\",\"item\":\"https:\/\/tahasservis.com\/\"},{\"@type\":\"ListItem\",\"position\":2,\"name\":\"Vidal\u0131 Kompres\u00f6r Bak\u0131m\u0131 Nas\u0131l Yap\u0131l\u0131r?\"}]},{\"@type\":\"WebSite\",\"@id\":\"https:\/\/tahasservis.com\/#website\",\"url\":\"https:\/\/tahasservis.com\/\",\"name\":\"Taha\u015f Servis\",\"description\":\"Taha\u015f Tazyikli Hava Servisi A.\u015e\",\"publisher\":{\"@id\":\"https:\/\/tahasservis.com\/#organization\"},\"potentialAction\":[{\"@type\":\"SearchAction\",\"target\":{\"@type\":\"EntryPoint\",\"urlTemplate\":\"https:\/\/tahasservis.com\/?s={search_term_string}\"},\"query-input\":{\"@type\":\"PropertyValueSpecification\",\"valueRequired\":true,\"valueName\":\"search_term_string\"}}],\"inLanguage\":\"en-US\"},{\"@type\":\"Organization\",\"@id\":\"https:\/\/tahasservis.com\/#organization\",\"name\":\"TAHA\u015e SERV\u0130S\",\"url\":\"https:\/\/tahasservis.com\/\",\"logo\":{\"@type\":\"ImageObject\",\"inLanguage\":\"en-US\",\"@id\":\"https:\/\/tahasservis.com\/#\/schema\/logo\/image\/\",\"url\":\"https:\/\/tahasservis.com\/wp-content\/uploads\/2020\/12\/cropped-Tahas_Logo.png\",\"contentUrl\":\"https:\/\/tahasservis.com\/wp-content\/uploads\/2020\/12\/cropped-Tahas_Logo.png\",\"width\":512,\"height\":512,\"caption\":\"TAHA\u015e SERV\u0130S\"},\"image\":{\"@id\":\"https:\/\/tahasservis.com\/#\/schema\/logo\/image\/\"}},{\"@type\":\"Person\",\"@id\":\"https:\/\/tahasservis.com\/#\/schema\/person\/dcc8e69a1a683906b597f6df39e4cf30\",\"name\":\"tahas-yonetim\",\"image\":{\"@type\":\"ImageObject\",\"inLanguage\":\"en-US\",\"@id\":\"https:\/\/tahasservis.com\/#\/schema\/person\/image\/\",\"url\":\"https:\/\/secure.gravatar.com\/avatar\/ed78e5bd60b15c34eb09a92a753042c8c007ea7e517e148043543031cb0acebb?s=96&d=mm&r=g\",\"contentUrl\":\"https:\/\/secure.gravatar.com\/avatar\/ed78e5bd60b15c34eb09a92a753042c8c007ea7e517e148043543031cb0acebb?s=96&d=mm&r=g\",\"caption\":\"tahas-yonetim\"}}]}<\/script>\n<!-- \/ Yoast SEO Premium plugin. -->","yoast_head_json":{"title":"Vidal\u0131 Kompres\u00f6r Bak\u0131m\u0131 Nas\u0131l Yap\u0131l\u0131r? - Taha\u015f Servis","description":"Aral\u0131kl\u0131 hareket kompres\u00f6rleri aras\u0131nda yer alan vidal\u0131 kompres\u00f6r i\u00e7in bak\u0131m periyodu, \u00fcretici firma taraf\u0131ndan belirlenir.","robots":{"index":"index","follow":"follow","max-snippet":"max-snippet:-1","max-image-preview":"max-image-preview:large","max-video-preview":"max-video-preview:-1"},"canonical":"https:\/\/tahasservis.com\/en\/vidali-kompresor-bakimi-nasil-yapilir-2\/","og_locale":"en_US","og_type":"article","og_title":"Vidal\u0131 Kompres\u00f6r Bak\u0131m\u0131 Nas\u0131l Yap\u0131l\u0131r? - Taha\u015f Servis","og_description":"Aral\u0131kl\u0131 hareket kompres\u00f6rleri aras\u0131nda yer alan vidal\u0131 kompres\u00f6r i\u00e7in bak\u0131m periyodu, \u00fcretici firma taraf\u0131ndan belirlenir.","og_url":"https:\/\/tahasservis.com\/en\/vidali-kompresor-bakimi-nasil-yapilir-2\/","og_site_name":"Taha\u015f Servis","article_published_time":"2022-01-14T13:17:44+00:00","article_modified_time":"2022-03-17T12:38:26+00:00","og_image":[{"width":2560,"height":1810,"url":"https:\/\/tahasservis.com\/wp-content\/uploads\/2022\/01\/vidali-kompresor-bakimi-nasil-yapilir-scaled.jpg","type":"image\/jpeg"}],"author":"tahas-yonetim","twitter_card":"summary_large_image","twitter_misc":{"Written by":"tahas-yonetim","Est. reading time":"5 minutes"},"schema":{"@context":"https:\/\/schema.org","@graph":[{"@type":"Article","@id":"https:\/\/tahasservis.com\/vidali-kompresor-bakimi-nasil-yapilir-2\/#article","isPartOf":{"@id":"https:\/\/tahasservis.com\/vidali-kompresor-bakimi-nasil-yapilir-2\/"},"author":{"name":"tahas-yonetim","@id":"https:\/\/tahasservis.com\/#\/schema\/person\/dcc8e69a1a683906b597f6df39e4cf30"},"headline":"Vidal\u0131 Kompres\u00f6r Bak\u0131m\u0131 Nas\u0131l Yap\u0131l\u0131r?","datePublished":"2022-01-14T13:17:44+00:00","dateModified":"2022-03-17T12:38:26+00:00","mainEntityOfPage":{"@id":"https:\/\/tahasservis.com\/vidali-kompresor-bakimi-nasil-yapilir-2\/"},"wordCount":1025,"commentCount":0,"publisher":{"@id":"https:\/\/tahasservis.com\/#organization"},"image":{"@id":"https:\/\/tahasservis.com\/vidali-kompresor-bakimi-nasil-yapilir-2\/#primaryimage"},"thumbnailUrl":"https:\/\/tahasservis.com\/wp-content\/uploads\/2022\/01\/vidali-kompresor-bakimi-nasil-yapilir-scaled.jpg","articleSection":["Genel","Kompres\u00f6rler"],"inLanguage":"en-US"},{"@type":"WebPage","@id":"https:\/\/tahasservis.com\/vidali-kompresor-bakimi-nasil-yapilir-2\/","url":"https:\/\/tahasservis.com\/vidali-kompresor-bakimi-nasil-yapilir-2\/","name":"Vidal\u0131 Kompres\u00f6r Bak\u0131m\u0131 Nas\u0131l Yap\u0131l\u0131r? - Taha\u015f Servis","isPartOf":{"@id":"https:\/\/tahasservis.com\/#website"},"primaryImageOfPage":{"@id":"https:\/\/tahasservis.com\/vidali-kompresor-bakimi-nasil-yapilir-2\/#primaryimage"},"image":{"@id":"https:\/\/tahasservis.com\/vidali-kompresor-bakimi-nasil-yapilir-2\/#primaryimage"},"thumbnailUrl":"https:\/\/tahasservis.com\/wp-content\/uploads\/2022\/01\/vidali-kompresor-bakimi-nasil-yapilir-scaled.jpg","datePublished":"2022-01-14T13:17:44+00:00","dateModified":"2022-03-17T12:38:26+00:00","description":"Aral\u0131kl\u0131 hareket kompres\u00f6rleri aras\u0131nda yer alan vidal\u0131 kompres\u00f6r i\u00e7in bak\u0131m periyodu, \u00fcretici firma taraf\u0131ndan belirlenir.","breadcrumb":{"@id":"https:\/\/tahasservis.com\/vidali-kompresor-bakimi-nasil-yapilir-2\/#breadcrumb"},"inLanguage":"en-US","potentialAction":[{"@type":"ReadAction","target":["https:\/\/tahasservis.com\/vidali-kompresor-bakimi-nasil-yapilir-2\/"]}]},{"@type":"ImageObject","inLanguage":"en-US","@id":"https:\/\/tahasservis.com\/vidali-kompresor-bakimi-nasil-yapilir-2\/#primaryimage","url":"https:\/\/tahasservis.com\/wp-content\/uploads\/2022\/01\/vidali-kompresor-bakimi-nasil-yapilir-scaled.jpg","contentUrl":"https:\/\/tahasservis.com\/wp-content\/uploads\/2022\/01\/vidali-kompresor-bakimi-nasil-yapilir-scaled.jpg","width":2560,"height":1810,"caption":"vidali-kompresor-bakimi-nasil-yapilir"},{"@type":"BreadcrumbList","@id":"https:\/\/tahasservis.com\/vidali-kompresor-bakimi-nasil-yapilir-2\/#breadcrumb","itemListElement":[{"@type":"ListItem","position":1,"name":"Home","item":"https:\/\/tahasservis.com\/"},{"@type":"ListItem","position":2,"name":"Vidal\u0131 Kompres\u00f6r Bak\u0131m\u0131 Nas\u0131l Yap\u0131l\u0131r?"}]},{"@type":"WebSite","@id":"https:\/\/tahasservis.com\/#website","url":"https:\/\/tahasservis.com\/","name":"Taha\u015f Servis","description":"Taha\u015f Tazyikli Hava Servisi A.\u015e","publisher":{"@id":"https:\/\/tahasservis.com\/#organization"},"potentialAction":[{"@type":"SearchAction","target":{"@type":"EntryPoint","urlTemplate":"https:\/\/tahasservis.com\/?s={search_term_string}"},"query-input":{"@type":"PropertyValueSpecification","valueRequired":true,"valueName":"search_term_string"}}],"inLanguage":"en-US"},{"@type":"Organization","@id":"https:\/\/tahasservis.com\/#organization","name":"TAHA\u015e SERV\u0130S","url":"https:\/\/tahasservis.com\/","logo":{"@type":"ImageObject","inLanguage":"en-US","@id":"https:\/\/tahasservis.com\/#\/schema\/logo\/image\/","url":"https:\/\/tahasservis.com\/wp-content\/uploads\/2020\/12\/cropped-Tahas_Logo.png","contentUrl":"https:\/\/tahasservis.com\/wp-content\/uploads\/2020\/12\/cropped-Tahas_Logo.png","width":512,"height":512,"caption":"TAHA\u015e SERV\u0130S"},"image":{"@id":"https:\/\/tahasservis.com\/#\/schema\/logo\/image\/"}},{"@type":"Person","@id":"https:\/\/tahasservis.com\/#\/schema\/person\/dcc8e69a1a683906b597f6df39e4cf30","name":"tahas-yonetim","image":{"@type":"ImageObject","inLanguage":"en-US","@id":"https:\/\/tahasservis.com\/#\/schema\/person\/image\/","url":"https:\/\/secure.gravatar.com\/avatar\/ed78e5bd60b15c34eb09a92a753042c8c007ea7e517e148043543031cb0acebb?s=96&d=mm&r=g","contentUrl":"https:\/\/secure.gravatar.com\/avatar\/ed78e5bd60b15c34eb09a92a753042c8c007ea7e517e148043543031cb0acebb?s=96&d=mm&r=g","caption":"tahas-yonetim"}}]}},"_links":{"self":[{"href":"https:\/\/tahasservis.com\/en\/wp-json\/wp\/v2\/posts\/2293","targetHints":{"allow":["GET"]}}],"collection":[{"href":"https:\/\/tahasservis.com\/en\/wp-json\/wp\/v2\/posts"}],"about":[{"href":"https:\/\/tahasservis.com\/en\/wp-json\/wp\/v2\/types\/post"}],"author":[{"embeddable":true,"href":"https:\/\/tahasservis.com\/en\/wp-json\/wp\/v2\/users\/3"}],"replies":[{"embeddable":true,"href":"https:\/\/tahasservis.com\/en\/wp-json\/wp\/v2\/comments?post=2293"}],"version-history":[{"count":0,"href":"https:\/\/tahasservis.com\/en\/wp-json\/wp\/v2\/posts\/2293\/revisions"}],"wp:featuredmedia":[{"embeddable":true,"href":"https:\/\/tahasservis.com\/en\/wp-json\/wp\/v2\/media\/2294"}],"wp:attachment":[{"href":"https:\/\/tahasservis.com\/en\/wp-json\/wp\/v2\/media?parent=2293"}],"wp:term":[{"taxonomy":"category","embeddable":true,"href":"https:\/\/tahasservis.com\/en\/wp-json\/wp\/v2\/categories?post=2293"},{"taxonomy":"post_tag","embeddable":true,"href":"https:\/\/tahasservis.com\/en\/wp-json\/wp\/v2\/tags?post=2293"}],"curies":[{"name":"wp","href":"https:\/\/api.w.org\/{rel}","templated":true}]}}