{"id":2308,"date":"2022-01-22T08:10:43","date_gmt":"2022-01-22T08:10:43","guid":{"rendered":"https:\/\/tahasservis.com\/?p=2308"},"modified":"2022-03-17T12:38:00","modified_gmt":"2022-03-17T12:38:00","slug":"basincli-hava-kurutucu-nasil-secilir","status":"publish","type":"post","link":"https:\/\/tahasservis.com\/en\/basincli-hava-kurutucu-nasil-secilir\/","title":{"rendered":"Bas\u0131n\u00e7l\u0131 Hava Kurutucu Nas\u0131l Se\u00e7ilir?"},"content":{"rendered":"<p>Bas\u0131n\u00e7l\u0131 hava sistemlerinin temel unsurlar\u0131ndan biri hava kurutucu cihazlard\u0131r. \u00c7\u00fcnk\u00fc, bu cihazlar, kompres\u00f6r \u00e7al\u0131\u015fma sistemindeki nemin neden oldu\u011fu sorunlar\u0131n \u00f6nlenmesini sa\u011flarlar. Kompres\u00f6r sisteminde ka\u00e7\u0131n\u0131lmaz olarak olu\u015fan nem ve su, kurutulmad\u0131\u011f\u0131nda b\u00fcy\u00fck ve telafisi zor sorunlara neden olabilir. Olu\u015fan bu nem \u00f6yle ki; pn\u00f6matik makinelere, di\u011fer makine bile\u015fiklerine ve nihai \u00fcr\u00fcnlere bile zarar verebilir. Hatta i\u015f kalitesi ve verimlili\u011finde kayda de\u011fer d\u00fc\u015f\u00fc\u015flerin de bir nedeni olabilir. Bu nemin bas\u0131n\u00e7l\u0131 hava sisteminden at\u0131lmas\u0131 gerekirken, i\u015fte bu k\u0131s\u0131mda devreye kaliteli bir kompres\u00f6r hava kurutucu cihaz\u0131 girer. Bu cihaz temel olarak, son so\u011futucularla birlikte, bas\u0131n\u00e7l\u0131 hava sistemi i\u00e7indeki nemli havan\u0131n kurutulmas\u0131n\u0131 sa\u011flar.<\/p>\n\n\n\n<h2 class=\"wp-block-heading\" id=\"h-bas-n-l-hava-kurutucu-nedir-ve-neden-nemlidir\">Bas\u0131n\u00e7l\u0131 Hava Kurutucu Nedir ve Neden \u00d6nemlidir?<\/h2>\n\n\n\n<p>Kompres\u00f6rler, ortamdan ald\u0131klar\u0131 havay\u0131 s\u0131k\u0131\u015ft\u0131rarak i\u015flev g\u00f6ren makinelerdir. Normal ko\u015fullarda nem, her ortamdaki hava i\u00e7inde bulunurken, kompres\u00f6r ortamdan \u00e7ekti\u011fi havay\u0131 s\u0131k\u0131\u015ft\u0131r\u0131r ve nemi suya d\u00f6n\u00fc\u015ft\u00fcr\u00fcr. Bunun yan\u0131nda bas\u0131n\u00e7l\u0131 hava i\u00e7erisinde nem ve su ikilisinin her zaman bulundu\u011fu d\u00fc\u015f\u00fcn\u00fcld\u00fc\u011f\u00fcnde, bu nemin neden at\u0131lmas\u0131 gerekti\u011fi de daha iyi anla\u015f\u0131labilir.<\/p>\n\n\n\n<p>Kompres\u00f6r i\u00e7indeki bu nem ve su bir hava kurutucu ile at\u0131lmad\u0131\u011f\u0131 takdirde, bas\u0131n\u00e7l\u0131 hava sisteminin verimlili\u011fi olumsuz y\u00f6nde etkiler. Mesela kompres\u00f6r\u00fcn bak\u0131m periyotlar\u0131 aras\u0131ndaki s\u00fcre g\u00fcnden g\u00fcne k\u0131sabilir. Ve nihayetinde \u00fcretim kay\u0131plar\u0131na, bak\u0131m masraflar\u0131na hatta kompres\u00f6r\u00fcn de\u011fi\u015fmesine bile neden olabilir. Bu hava kurutucular, bas\u0131n\u00e7l\u0131 hava sistemi i\u00e7indeki do\u011fal i\u015fleyi\u015fte olu\u015fan nem ve suyun kurutularak ortamdan kald\u0131r\u0131lmas\u0131n\u0131 sa\u011flayan te\u00e7hizatlard\u0131r.<\/p>\n\n\n\n<p>Bas\u0131n\u00e7l\u0131 hava sistemi i\u00e7inde kompres\u00f6rler, prensip olarak kulland\u0131klar\u0131 havadaki nemin bir b\u00f6l\u00fcm\u00fcn\u00fc sistem i\u00e7erisine aktar\u0131rlar. Asl\u0131na bak\u0131ld\u0131\u011f\u0131nda bu nemin sistem i\u00e7ine aktar\u0131lmas\u0131 problem te\u015fkil edilen bir ko\u015fuldur, ancak her zaman fark edilebilir d\u00fczeyde olmayabilir. \u00d6zellikle yaz aylar\u0131nda ve kompres\u00f6r so\u011futucusu \u00e7al\u0131\u015fmad\u0131\u011f\u0131 d\u00f6nemlerde nem daha fazla a\u00e7\u0131\u011fa \u00e7\u0131kar. Kompres\u00f6r\u00fcn sistem i\u00e7ine att\u0131\u011f\u0131 nem ve suyun minimum seviyeye indirilmesinde ise do\u011fru hava kurutucu se\u00e7imi \u00f6nem arz eder.<\/p>\n\n\n\n<p>S\u0131n\u0131rl\u0131 ve dar alanlarda kompres\u00f6rle entegre olan bir <a href=\"https:\/\/tahasservis.com\/en\/kurutucular-tahas\/\" target=\"_blank\" rel=\"noreferrer noopener\">hava kurutucu<\/a>, alandan tasarruf sa\u011flarken, kurutma makinesi i\u00e7in ek bir maliyet yap\u0131lmas\u0131n\u0131 \u00f6nleyebilir. Ancak y\u00fcksek bas\u0131n\u00e7l\u0131 hava gereksinimi olan i\u015fletmeler ve geni\u015f alanda \u00e7al\u0131\u015f\u0131lan end\u00fcstrilerde, ba\u015fl\u0131 ba\u015f\u0131na bir hava kurutucu al\u0131nmas\u0131 \u015fartt\u0131r. \u00dcstelik yap\u0131lan makine se\u00e7imi, end\u00fcstrinin \u00f6zellikleri ve kullan\u0131lacak bas\u0131n\u00e7l\u0131 hava miktar\u0131na g\u00f6re \u00f6zel hesaplamalarla se\u00e7ilmelidir. Aksi takdirde hem yap\u0131lan masraf bo\u015fa gider hem de mevcut kompres\u00f6r\u00fcn zaman\u0131ndan erken de\u011fi\u015ftirilmesini zorunlu k\u0131lar. &nbsp;<\/p>\n\n\n\n<h2 class=\"wp-block-heading\" id=\"h-bas-n-l-hava-kurutucu-se-erken-dikkat-edilmesi-gerekenler\">Bas\u0131n\u00e7l\u0131 Hava Kurutucu Se\u00e7erken Dikkat Edilmesi Gerekenler<\/h2>\n\n\n\n<p>Kimyasal ve gazl\u0131 olarak iki ana gruba ayr\u0131lan hava kurutucu modelleri, zaman i\u00e7inde optimize edilerek daha verimli hale getirilmi\u015ftir. \u0130htiyaca g\u00f6re do\u011fru bir kurutucu se\u00e7ildi\u011finde, kompres\u00f6r enerji harcamas\u0131nda kayda de\u011fer bir tasarruf sa\u011flayabilir. Do\u011fru boyuttaki ve \u00f6zelliklerdeki bir hava kurutucunun, proses gereksinimlerini kar\u015f\u0131lar nitelikte olmas\u0131 gerekir. Bu da \u00f6zetle, kompres\u00f6r\u00fcn \u00e7al\u0131\u015fma kapasitesine g\u00f6re olu\u015fan nemim tamam\u0131n\u0131 kurutabilir \u00f6zellikte olmas\u0131 anlam\u0131na gelir.<\/p>\n\n\n\n<p>Mevcutta kullan\u0131lan kurutucu yetersizse veya ba\u015ftan kurulan bir bas\u0131n\u00e7 sistemi i\u00e7erisine yeni al\u0131nacak bir hava kurutucu s\u00f6z konusu ise baz\u0131 hesaplamalar\u0131n do\u011fru \u015fekilde yap\u0131lmas\u0131 \u015fartt\u0131r. Bas\u0131n\u00e7l\u0131 hava kurutucu se\u00e7erken g\u00f6z \u00f6n\u00fcne al\u0131nmas\u0131 gereken fakt\u00f6rler ve hesaplamada cevaplanmas\u0131 gereken sorular \u015fu \u015fekilde s\u0131ralanabilir;<\/p>\n\n\n\n<ul class=\"wp-block-list\"><li>Dakikada metrek\u00fcp cinsinden hava \u00e7\u0131k\u0131\u015f\u0131(m3\/dk) maksimum nedir?<\/li><li>\u0130htiya\u00e7 olan bas\u0131n\u00e7 \u00e7i\u011f noktas\u0131 nedir?<\/li><li>Giri\u015fteki hava bas\u0131nc\u0131 nedir?<\/li><li>Giri\u015fteki hava s\u0131cakl\u0131\u011f\u0131 nedir?<\/li><li>Ortamdaki hava s\u0131cakl\u0131\u011f\u0131 nedir?<\/li><li>Ortamda, kritik bir \u00e7i\u011f noktas\u0131 uygulanmas\u0131n\u0131 gerektiren bir durum var m\u0131d\u0131r?<\/li><\/ul>\n\n\n\n<p>\u0130la\u00e7 ve g\u0131da i\u015fleme gibi baz\u0131 end\u00fcstrilerde ortam, -40\u00b0C civar\u0131nda, ultra d\u00fc\u015f\u00fck bir \u00e7iy noktas\u0131na sahip olabilir. B\u00f6yle bir durumda se\u00e7ilen hava kurutucu modelinin standartlara g\u00f6re y\u00fcksek kaliteli makineler olmas\u0131 gerekir. Verimlili\u011fin sa\u011flanmas\u0131 a\u00e7\u0131s\u0131ndan kimyasal tipteki kurutucular ise bu anlamda ideal bir se\u00e7imdir. \u00c7\u00fcnk\u00fc gazl\u0131 kurutucular genel itibari ile -3\u00b0C\u2019lik bir \u00e7i\u011f noktas\u0131na ula\u015f\u0131rken, kritik bir \u00e7i\u011f noktas\u0131 gerektiren bu end\u00fcstriler i\u00e7in bu yeterli de\u011fildir.<\/p>\n\n\n\n<p>Gazl\u0131 hava kurutucular, kimyasal kurutuculara g\u00f6re sat\u0131n alma, \u00e7al\u0131\u015ft\u0131rma ve bak\u0131m maliyetleri a\u00e7\u0131s\u0131ndan daha avantajl\u0131 gibi g\u00f6r\u00fcn\u00fcrler. Ancak bu tarz end\u00fcstrilerde yeterli olmayacaklar\u0131 i\u00e7in verim al\u0131namayabilir. Verim al\u0131nmad\u0131\u011f\u0131nda ise bas\u0131n\u00e7l\u0131 hava sisteminde olu\u015fan nem kurutulmaz iken, \u00f6ng\u00f6r\u00fclen ek maliyetlere ve zararlara neden olabilir. Bununla birlikte \u015fayet i\u015fletmenin bas\u0131n\u00e7l\u0131 hava gereksinimi y\u00fcksek ise hava kurutucusu i\u00e7in yap\u0131lan yat\u0131r\u0131m, enerji verimlili\u011finin art\u0131rmas\u0131ndan dolay\u0131 k\u0131sa s\u00fcrede kendini amorti edebilir.<\/p>\n\n\n\n<p>\u015eayet sizde kompres\u00f6r ve bas\u0131n\u00e7l\u0131 hava sistemleri ekipmanlar\u0131 konusunda bak\u0131m ve servis ihtiyac\u0131 duyuyorsan\u0131z&nbsp;<a href=\"https:\/\/tahasservis.com\/en\/\">TAHA\u015e SERV\u0130S<\/a>&nbsp;web sitesini ziyaret edebilir, irtibata ge\u00e7erek randevu olu\u015fturabilirsiniz. Bunun yan\u0131nda karbon ayak izini azaltan \u00e7evre dostu, ses seviyesi d\u00fc\u015f\u00fck, bak\u0131m ve enerji maliyetlerinden tasarruf ettirecek kompres\u00f6r hava kurutucu \u00e7e\u015fitlerimiz i\u00e7in \u00fcr\u00fcnler sayfam\u0131za g\u00f6z atabilir, kompres\u00f6r \u00e7\u00f6z\u00fcmlerine dair s\u00fcrekli g\u00fcncellenen&nbsp;<a href=\"https:\/\/tahasservis.com\/en\/blog\/\" target=\"_blank\" rel=\"noreferrer noopener\">BLOG<\/a>&nbsp;sayfam\u0131zdan bilgi edinebilirsiniz.&nbsp;<\/p>","protected":false},"excerpt":{"rendered":"<p>Bas\u0131n\u00e7l\u0131 hava sistemlerinin temel unsurlar\u0131ndan biri hava kurutucu cihazlard\u0131r. \u00c7\u00fcnk\u00fc, bu cihazlar, kompres\u00f6r \u00e7al\u0131\u015fma sistemindeki nemin neden oldu\u011fu sorunlar\u0131n \u00f6nlenmesini sa\u011flarlar. Kompres\u00f6r sisteminde ka\u00e7\u0131n\u0131lmaz olarak olu\u015fan nem ve su, kurutulmad\u0131\u011f\u0131nda b\u00fcy\u00fck ve telafisi zor sorunlara neden olabilir. Olu\u015fan bu nem \u00f6yle ki; pn\u00f6matik makinelere, di\u011fer makine bile\u015fiklerine ve nihai \u00fcr\u00fcnlere bile zarar verebilir. Hatta i\u015f [&hellip;]<\/p>","protected":false},"author":3,"featured_media":2309,"comment_status":"open","ping_status":"open","sticky":false,"template":"","format":"standard","meta":{"footnotes":""},"categories":[1,98],"tags":[],"class_list":["post-2308","post","type-post","status-publish","format-standard","has-post-thumbnail","hentry","category-genel","category-hava-kurutucu"],"yoast_head":"<!-- This site is optimized with the Yoast SEO Premium plugin v16.1 (Yoast SEO v25.6) - https:\/\/yoast.com\/wordpress\/plugins\/seo\/ -->\n<title>Bas\u0131n\u00e7l\u0131 Hava Kurutucu Nas\u0131l Se\u00e7ilir? - Taha\u015f Servis<\/title>\n<meta name=\"description\" content=\"Bas\u0131n\u00e7l\u0131 hava sistemlerinin temel unsurlar\u0131ndan biri hava kurutucu cihazlard\u0131r. \u00c7\u00fcnk\u00fc, bu cihazlar, kompres\u00f6r \u00e7al\u0131\u015fma sistemindeki nemin neden oldu\u011fu sorunlar\u0131n \u00f6nlenmesini sa\u011flarlar.\" \/>\n<meta name=\"robots\" content=\"index, follow, max-snippet:-1, max-image-preview:large, max-video-preview:-1\" \/>\n<link rel=\"canonical\" href=\"http:\/\/tahasservis.com\/en\/basincli-hava-kurutucu-nasil-secilir\/\" \/>\n<meta property=\"og:locale\" content=\"en_US\" \/>\n<meta property=\"og:type\" content=\"article\" \/>\n<meta property=\"og:title\" content=\"Bas\u0131n\u00e7l\u0131 Hava Kurutucu Nas\u0131l Se\u00e7ilir? - Taha\u015f Servis\" \/>\n<meta property=\"og:description\" content=\"Bas\u0131n\u00e7l\u0131 hava sistemlerinin temel unsurlar\u0131ndan biri hava kurutucu cihazlard\u0131r. \u00c7\u00fcnk\u00fc, bu cihazlar, kompres\u00f6r \u00e7al\u0131\u015fma sistemindeki nemin neden oldu\u011fu sorunlar\u0131n \u00f6nlenmesini sa\u011flarlar.\" \/>\n<meta property=\"og:url\" content=\"http:\/\/tahasservis.com\/en\/basincli-hava-kurutucu-nasil-secilir\/\" \/>\n<meta property=\"og:site_name\" content=\"Taha\u015f Servis\" \/>\n<meta property=\"article:published_time\" content=\"2022-01-22T08:10:43+00:00\" \/>\n<meta property=\"article:modified_time\" content=\"2022-03-17T12:38:00+00:00\" \/>\n<meta property=\"og:image\" content=\"http:\/\/tahasservis.com\/wp-content\/uploads\/2022\/01\/basincli-hava-kurutucu-nasil-secilir-scaled.jpg\" \/>\n\t<meta property=\"og:image:width\" content=\"2560\" \/>\n\t<meta property=\"og:image:height\" content=\"1814\" \/>\n\t<meta property=\"og:image:type\" content=\"image\/jpeg\" \/>\n<meta name=\"author\" content=\"tahas-yonetim\" \/>\n<meta name=\"twitter:card\" content=\"summary_large_image\" \/>\n<meta name=\"twitter:label1\" content=\"Written by\" \/>\n\t<meta name=\"twitter:data1\" content=\"tahas-yonetim\" \/>\n\t<meta name=\"twitter:label2\" content=\"Est. reading time\" \/>\n\t<meta name=\"twitter:data2\" content=\"5 minutes\" \/>\n<script type=\"application\/ld+json\" class=\"yoast-schema-graph\">{\"@context\":\"https:\/\/schema.org\",\"@graph\":[{\"@type\":\"Article\",\"@id\":\"http:\/\/tahasservis.com\/basincli-hava-kurutucu-nasil-secilir\/#article\",\"isPartOf\":{\"@id\":\"http:\/\/tahasservis.com\/basincli-hava-kurutucu-nasil-secilir\/\"},\"author\":{\"name\":\"tahas-yonetim\",\"@id\":\"https:\/\/tahasservis.com\/#\/schema\/person\/dcc8e69a1a683906b597f6df39e4cf30\"},\"headline\":\"Bas\u0131n\u00e7l\u0131 Hava Kurutucu Nas\u0131l Se\u00e7ilir?\",\"datePublished\":\"2022-01-22T08:10:43+00:00\",\"dateModified\":\"2022-03-17T12:38:00+00:00\",\"mainEntityOfPage\":{\"@id\":\"http:\/\/tahasservis.com\/basincli-hava-kurutucu-nasil-secilir\/\"},\"wordCount\":997,\"commentCount\":0,\"publisher\":{\"@id\":\"https:\/\/tahasservis.com\/#organization\"},\"image\":{\"@id\":\"http:\/\/tahasservis.com\/basincli-hava-kurutucu-nasil-secilir\/#primaryimage\"},\"thumbnailUrl\":\"https:\/\/tahasservis.com\/wp-content\/uploads\/2022\/01\/basincli-hava-kurutucu-nasil-secilir-scaled.jpg\",\"articleSection\":[\"Genel\",\"Hava Kurutucu\"],\"inLanguage\":\"en-US\"},{\"@type\":\"WebPage\",\"@id\":\"http:\/\/tahasservis.com\/basincli-hava-kurutucu-nasil-secilir\/\",\"url\":\"http:\/\/tahasservis.com\/basincli-hava-kurutucu-nasil-secilir\/\",\"name\":\"Bas\u0131n\u00e7l\u0131 Hava Kurutucu Nas\u0131l Se\u00e7ilir? - Taha\u015f Servis\",\"isPartOf\":{\"@id\":\"https:\/\/tahasservis.com\/#website\"},\"primaryImageOfPage\":{\"@id\":\"http:\/\/tahasservis.com\/basincli-hava-kurutucu-nasil-secilir\/#primaryimage\"},\"image\":{\"@id\":\"http:\/\/tahasservis.com\/basincli-hava-kurutucu-nasil-secilir\/#primaryimage\"},\"thumbnailUrl\":\"https:\/\/tahasservis.com\/wp-content\/uploads\/2022\/01\/basincli-hava-kurutucu-nasil-secilir-scaled.jpg\",\"datePublished\":\"2022-01-22T08:10:43+00:00\",\"dateModified\":\"2022-03-17T12:38:00+00:00\",\"description\":\"Bas\u0131n\u00e7l\u0131 hava sistemlerinin temel unsurlar\u0131ndan biri hava kurutucu cihazlard\u0131r. \u00c7\u00fcnk\u00fc, bu cihazlar, kompres\u00f6r \u00e7al\u0131\u015fma sistemindeki nemin neden oldu\u011fu sorunlar\u0131n \u00f6nlenmesini sa\u011flarlar.\",\"breadcrumb\":{\"@id\":\"http:\/\/tahasservis.com\/basincli-hava-kurutucu-nasil-secilir\/#breadcrumb\"},\"inLanguage\":\"en-US\",\"potentialAction\":[{\"@type\":\"ReadAction\",\"target\":[\"http:\/\/tahasservis.com\/basincli-hava-kurutucu-nasil-secilir\/\"]}]},{\"@type\":\"ImageObject\",\"inLanguage\":\"en-US\",\"@id\":\"http:\/\/tahasservis.com\/basincli-hava-kurutucu-nasil-secilir\/#primaryimage\",\"url\":\"https:\/\/tahasservis.com\/wp-content\/uploads\/2022\/01\/basincli-hava-kurutucu-nasil-secilir-scaled.jpg\",\"contentUrl\":\"https:\/\/tahasservis.com\/wp-content\/uploads\/2022\/01\/basincli-hava-kurutucu-nasil-secilir-scaled.jpg\",\"width\":2560,\"height\":1814,\"caption\":\"basincli-hava-kurutucu-nasil-secilir\"},{\"@type\":\"BreadcrumbList\",\"@id\":\"http:\/\/tahasservis.com\/basincli-hava-kurutucu-nasil-secilir\/#breadcrumb\",\"itemListElement\":[{\"@type\":\"ListItem\",\"position\":1,\"name\":\"Home\",\"item\":\"https:\/\/tahasservis.com\/\"},{\"@type\":\"ListItem\",\"position\":2,\"name\":\"Bas\u0131n\u00e7l\u0131 Hava Kurutucu Nas\u0131l Se\u00e7ilir?\"}]},{\"@type\":\"WebSite\",\"@id\":\"https:\/\/tahasservis.com\/#website\",\"url\":\"https:\/\/tahasservis.com\/\",\"name\":\"Taha\u015f Servis\",\"description\":\"Taha\u015f Tazyikli Hava Servisi A.\u015e\",\"publisher\":{\"@id\":\"https:\/\/tahasservis.com\/#organization\"},\"potentialAction\":[{\"@type\":\"SearchAction\",\"target\":{\"@type\":\"EntryPoint\",\"urlTemplate\":\"https:\/\/tahasservis.com\/?s={search_term_string}\"},\"query-input\":{\"@type\":\"PropertyValueSpecification\",\"valueRequired\":true,\"valueName\":\"search_term_string\"}}],\"inLanguage\":\"en-US\"},{\"@type\":\"Organization\",\"@id\":\"https:\/\/tahasservis.com\/#organization\",\"name\":\"TAHA\u015e SERV\u0130S\",\"url\":\"https:\/\/tahasservis.com\/\",\"logo\":{\"@type\":\"ImageObject\",\"inLanguage\":\"en-US\",\"@id\":\"https:\/\/tahasservis.com\/#\/schema\/logo\/image\/\",\"url\":\"https:\/\/tahasservis.com\/wp-content\/uploads\/2020\/12\/cropped-Tahas_Logo.png\",\"contentUrl\":\"https:\/\/tahasservis.com\/wp-content\/uploads\/2020\/12\/cropped-Tahas_Logo.png\",\"width\":512,\"height\":512,\"caption\":\"TAHA\u015e SERV\u0130S\"},\"image\":{\"@id\":\"https:\/\/tahasservis.com\/#\/schema\/logo\/image\/\"}},{\"@type\":\"Person\",\"@id\":\"https:\/\/tahasservis.com\/#\/schema\/person\/dcc8e69a1a683906b597f6df39e4cf30\",\"name\":\"tahas-yonetim\",\"image\":{\"@type\":\"ImageObject\",\"inLanguage\":\"en-US\",\"@id\":\"https:\/\/tahasservis.com\/#\/schema\/person\/image\/\",\"url\":\"https:\/\/secure.gravatar.com\/avatar\/ed78e5bd60b15c34eb09a92a753042c8c007ea7e517e148043543031cb0acebb?s=96&d=mm&r=g\",\"contentUrl\":\"https:\/\/secure.gravatar.com\/avatar\/ed78e5bd60b15c34eb09a92a753042c8c007ea7e517e148043543031cb0acebb?s=96&d=mm&r=g\",\"caption\":\"tahas-yonetim\"}}]}<\/script>\n<!-- \/ Yoast SEO Premium plugin. -->","yoast_head_json":{"title":"Bas\u0131n\u00e7l\u0131 Hava Kurutucu Nas\u0131l Se\u00e7ilir? - Taha\u015f Servis","description":"Bas\u0131n\u00e7l\u0131 hava sistemlerinin temel unsurlar\u0131ndan biri hava kurutucu cihazlard\u0131r. \u00c7\u00fcnk\u00fc, bu cihazlar, kompres\u00f6r \u00e7al\u0131\u015fma sistemindeki nemin neden oldu\u011fu sorunlar\u0131n \u00f6nlenmesini sa\u011flarlar.","robots":{"index":"index","follow":"follow","max-snippet":"max-snippet:-1","max-image-preview":"max-image-preview:large","max-video-preview":"max-video-preview:-1"},"canonical":"http:\/\/tahasservis.com\/en\/basincli-hava-kurutucu-nasil-secilir\/","og_locale":"en_US","og_type":"article","og_title":"Bas\u0131n\u00e7l\u0131 Hava Kurutucu Nas\u0131l Se\u00e7ilir? - Taha\u015f Servis","og_description":"Bas\u0131n\u00e7l\u0131 hava sistemlerinin temel unsurlar\u0131ndan biri hava kurutucu cihazlard\u0131r. \u00c7\u00fcnk\u00fc, bu cihazlar, kompres\u00f6r \u00e7al\u0131\u015fma sistemindeki nemin neden oldu\u011fu sorunlar\u0131n \u00f6nlenmesini sa\u011flarlar.","og_url":"http:\/\/tahasservis.com\/en\/basincli-hava-kurutucu-nasil-secilir\/","og_site_name":"Taha\u015f Servis","article_published_time":"2022-01-22T08:10:43+00:00","article_modified_time":"2022-03-17T12:38:00+00:00","og_image":[{"width":2560,"height":1814,"url":"http:\/\/tahasservis.com\/wp-content\/uploads\/2022\/01\/basincli-hava-kurutucu-nasil-secilir-scaled.jpg","type":"image\/jpeg"}],"author":"tahas-yonetim","twitter_card":"summary_large_image","twitter_misc":{"Written by":"tahas-yonetim","Est. reading time":"5 minutes"},"schema":{"@context":"https:\/\/schema.org","@graph":[{"@type":"Article","@id":"http:\/\/tahasservis.com\/basincli-hava-kurutucu-nasil-secilir\/#article","isPartOf":{"@id":"http:\/\/tahasservis.com\/basincli-hava-kurutucu-nasil-secilir\/"},"author":{"name":"tahas-yonetim","@id":"https:\/\/tahasservis.com\/#\/schema\/person\/dcc8e69a1a683906b597f6df39e4cf30"},"headline":"Bas\u0131n\u00e7l\u0131 Hava Kurutucu Nas\u0131l Se\u00e7ilir?","datePublished":"2022-01-22T08:10:43+00:00","dateModified":"2022-03-17T12:38:00+00:00","mainEntityOfPage":{"@id":"http:\/\/tahasservis.com\/basincli-hava-kurutucu-nasil-secilir\/"},"wordCount":997,"commentCount":0,"publisher":{"@id":"https:\/\/tahasservis.com\/#organization"},"image":{"@id":"http:\/\/tahasservis.com\/basincli-hava-kurutucu-nasil-secilir\/#primaryimage"},"thumbnailUrl":"https:\/\/tahasservis.com\/wp-content\/uploads\/2022\/01\/basincli-hava-kurutucu-nasil-secilir-scaled.jpg","articleSection":["Genel","Hava Kurutucu"],"inLanguage":"en-US"},{"@type":"WebPage","@id":"http:\/\/tahasservis.com\/basincli-hava-kurutucu-nasil-secilir\/","url":"http:\/\/tahasservis.com\/basincli-hava-kurutucu-nasil-secilir\/","name":"Bas\u0131n\u00e7l\u0131 Hava Kurutucu Nas\u0131l Se\u00e7ilir? - Taha\u015f Servis","isPartOf":{"@id":"https:\/\/tahasservis.com\/#website"},"primaryImageOfPage":{"@id":"http:\/\/tahasservis.com\/basincli-hava-kurutucu-nasil-secilir\/#primaryimage"},"image":{"@id":"http:\/\/tahasservis.com\/basincli-hava-kurutucu-nasil-secilir\/#primaryimage"},"thumbnailUrl":"https:\/\/tahasservis.com\/wp-content\/uploads\/2022\/01\/basincli-hava-kurutucu-nasil-secilir-scaled.jpg","datePublished":"2022-01-22T08:10:43+00:00","dateModified":"2022-03-17T12:38:00+00:00","description":"Bas\u0131n\u00e7l\u0131 hava sistemlerinin temel unsurlar\u0131ndan biri hava kurutucu cihazlard\u0131r. \u00c7\u00fcnk\u00fc, bu cihazlar, kompres\u00f6r \u00e7al\u0131\u015fma sistemindeki nemin neden oldu\u011fu sorunlar\u0131n \u00f6nlenmesini sa\u011flarlar.","breadcrumb":{"@id":"http:\/\/tahasservis.com\/basincli-hava-kurutucu-nasil-secilir\/#breadcrumb"},"inLanguage":"en-US","potentialAction":[{"@type":"ReadAction","target":["http:\/\/tahasservis.com\/basincli-hava-kurutucu-nasil-secilir\/"]}]},{"@type":"ImageObject","inLanguage":"en-US","@id":"http:\/\/tahasservis.com\/basincli-hava-kurutucu-nasil-secilir\/#primaryimage","url":"https:\/\/tahasservis.com\/wp-content\/uploads\/2022\/01\/basincli-hava-kurutucu-nasil-secilir-scaled.jpg","contentUrl":"https:\/\/tahasservis.com\/wp-content\/uploads\/2022\/01\/basincli-hava-kurutucu-nasil-secilir-scaled.jpg","width":2560,"height":1814,"caption":"basincli-hava-kurutucu-nasil-secilir"},{"@type":"BreadcrumbList","@id":"http:\/\/tahasservis.com\/basincli-hava-kurutucu-nasil-secilir\/#breadcrumb","itemListElement":[{"@type":"ListItem","position":1,"name":"Home","item":"https:\/\/tahasservis.com\/"},{"@type":"ListItem","position":2,"name":"Bas\u0131n\u00e7l\u0131 Hava Kurutucu Nas\u0131l Se\u00e7ilir?"}]},{"@type":"WebSite","@id":"https:\/\/tahasservis.com\/#website","url":"https:\/\/tahasservis.com\/","name":"Taha\u015f Servis","description":"Taha\u015f Tazyikli Hava Servisi A.\u015e","publisher":{"@id":"https:\/\/tahasservis.com\/#organization"},"potentialAction":[{"@type":"SearchAction","target":{"@type":"EntryPoint","urlTemplate":"https:\/\/tahasservis.com\/?s={search_term_string}"},"query-input":{"@type":"PropertyValueSpecification","valueRequired":true,"valueName":"search_term_string"}}],"inLanguage":"en-US"},{"@type":"Organization","@id":"https:\/\/tahasservis.com\/#organization","name":"TAHA\u015e SERV\u0130S","url":"https:\/\/tahasservis.com\/","logo":{"@type":"ImageObject","inLanguage":"en-US","@id":"https:\/\/tahasservis.com\/#\/schema\/logo\/image\/","url":"https:\/\/tahasservis.com\/wp-content\/uploads\/2020\/12\/cropped-Tahas_Logo.png","contentUrl":"https:\/\/tahasservis.com\/wp-content\/uploads\/2020\/12\/cropped-Tahas_Logo.png","width":512,"height":512,"caption":"TAHA\u015e SERV\u0130S"},"image":{"@id":"https:\/\/tahasservis.com\/#\/schema\/logo\/image\/"}},{"@type":"Person","@id":"https:\/\/tahasservis.com\/#\/schema\/person\/dcc8e69a1a683906b597f6df39e4cf30","name":"tahas-yonetim","image":{"@type":"ImageObject","inLanguage":"en-US","@id":"https:\/\/tahasservis.com\/#\/schema\/person\/image\/","url":"https:\/\/secure.gravatar.com\/avatar\/ed78e5bd60b15c34eb09a92a753042c8c007ea7e517e148043543031cb0acebb?s=96&d=mm&r=g","contentUrl":"https:\/\/secure.gravatar.com\/avatar\/ed78e5bd60b15c34eb09a92a753042c8c007ea7e517e148043543031cb0acebb?s=96&d=mm&r=g","caption":"tahas-yonetim"}}]}},"_links":{"self":[{"href":"https:\/\/tahasservis.com\/en\/wp-json\/wp\/v2\/posts\/2308","targetHints":{"allow":["GET"]}}],"collection":[{"href":"https:\/\/tahasservis.com\/en\/wp-json\/wp\/v2\/posts"}],"about":[{"href":"https:\/\/tahasservis.com\/en\/wp-json\/wp\/v2\/types\/post"}],"author":[{"embeddable":true,"href":"https:\/\/tahasservis.com\/en\/wp-json\/wp\/v2\/users\/3"}],"replies":[{"embeddable":true,"href":"https:\/\/tahasservis.com\/en\/wp-json\/wp\/v2\/comments?post=2308"}],"version-history":[{"count":0,"href":"https:\/\/tahasservis.com\/en\/wp-json\/wp\/v2\/posts\/2308\/revisions"}],"wp:featuredmedia":[{"embeddable":true,"href":"https:\/\/tahasservis.com\/en\/wp-json\/wp\/v2\/media\/2309"}],"wp:attachment":[{"href":"https:\/\/tahasservis.com\/en\/wp-json\/wp\/v2\/media?parent=2308"}],"wp:term":[{"taxonomy":"category","embeddable":true,"href":"https:\/\/tahasservis.com\/en\/wp-json\/wp\/v2\/categories?post=2308"},{"taxonomy":"post_tag","embeddable":true,"href":"https:\/\/tahasservis.com\/en\/wp-json\/wp\/v2\/tags?post=2308"}],"curies":[{"name":"wp","href":"https:\/\/api.w.org\/{rel}","templated":true}]}}