{"id":2317,"date":"2022-02-05T22:21:34","date_gmt":"2022-02-05T22:21:34","guid":{"rendered":"https:\/\/tahasservis.com\/?p=2317"},"modified":"2022-03-17T13:29:48","modified_gmt":"2022-03-17T13:29:48","slug":"vidali-kompresorlerde-hangi-yag-kullanilir","status":"publish","type":"post","link":"https:\/\/tahasservis.com\/en\/vidali-kompresorlerde-hangi-yag-kullanilir\/","title":{"rendered":"Vidal\u0131 Kompres\u00f6rlerde Hangi Ya\u011f Kullan\u0131l\u0131r?"},"content":{"rendered":"<p>Bas\u0131n\u00e7l\u0131 hava sistemi i\u00e7inde vidal\u0131 kompres\u00f6r modelleri, metal aksaml\u0131 ve bir\u00e7ok eleman\u0131 bar\u0131nd\u0131ran bir yap\u0131ya sahiptir. Aktif oldu\u011fu durumlarda bu bu par\u00e7alar\u0131n korunmas\u0131 gerekir. Aksi takdirde s\u00fcrt\u00fcnme nedeniyle sistem i\u00e7inde \u0131s\u0131 art\u0131\u015f\u0131 ya\u015fan\u0131rken, baz\u0131 par\u00e7alar zarar g\u00f6rebilir. Genel itibari ile bu par\u00e7alar\u0131n ya\u011flanmas\u0131, sistemin verimli \u00e7al\u0131\u015fmas\u0131 ve performans\u0131 a\u00e7\u0131s\u0131ndan olduk\u00e7a \u00f6nemli bir bak\u0131m periyodudur. Aksat\u0131lmadan yap\u0131lmas\u0131 gereken bu i\u015flem esnas\u0131nda, kaliteli ve do\u011fru \u00fcr\u00fcn se\u00e7imi ile di\u015fli, piston ve yataklar\u0131n ya\u011flanmas\u0131 gerekir. B\u00f6ylelikle vidal\u0131 kompres\u00f6r olas\u0131 ar\u0131zalardan korunarak erken d\u00f6nemde de\u011fi\u015fmesinin \u00f6n\u00fcne ge\u00e7ebilir ve i\u015f verimini art\u0131rabilir.&nbsp;<\/p>\n\n\n\n<h2 class=\"wp-block-heading\" id=\"h-hava-kompres-r-ya\">Hava Kompres\u00f6r\u00fc Ya\u011f\u0131<\/h2>\n\n\n\n<p>Hava kompres\u00f6r\u00fcn\u00fcn \u00e7al\u0131\u015fmas\u0131n\u0131 verimli olarak s\u00fcrd\u00fcrebilmesi i\u00e7in kullan\u0131lan ya\u011f kalitesi kadar ya\u011f\u0131n seviyesi ve de\u011fi\u015ftirilme periyodu gibi fakt\u00f6rler de olduk\u00e7a \u00f6nemlidir. Bunu sa\u011flayabilmek i\u00e7in kalite bir \u00fcr\u00fcn se\u00e7ilmesi ve seviyesinin d\u00fczenli olarak kontrol edilmesi gerekir, b\u00f6ylelikle ihtiya\u00e7 miktar\u0131 belirlenebilir. Firmalar genelde bu bak\u0131m s\u00fcrecini kendi b\u00fcnyelerindeki ustalarla y\u00f6netmeyi tercih ederler. Ancak baz\u0131 durumlarda bu yeterli de\u011fildir ve kompres\u00f6r verimlili\u011finin d\u00fc\u015fmesine neden olabilir.&nbsp;<\/p>\n\n\n\n<p>Hava kompres\u00f6r\u00fcne ya\u011f eklenmeden \u00f6nce, ilk olarak makinenin cinsine g\u00f6re belirlenmekte olan ya\u011f\u0131n miktar\u0131 kontrol edilmelidir. Ya\u011f \u00fcnitesindeki ya\u011f\u0131n kontrol ve eklenmesi \u00fczerine olan talimatlara uyularak yap\u0131lmas\u0131 gereken bu i\u015flem detaylar\u0131 genelde kullanma k\u0131lavuzunda bulunmaktad\u0131r. Kartere ne kadar ya\u011f eklenmesi gerekti\u011fine a\u00e7\u0131klayan bu bilgiler \u0131\u015f\u0131\u011f\u0131nda hava kompres\u00f6r\u00fcn\u00fcn ya\u011f seviyesi g\u00f6zlem cam\u0131ndan kontrol edilmelidir. Kompres\u00f6rlerdeki g\u00f6zlem camlar\u0131n\u0131n yeri ise t\u00fcr\u00fcne g\u00f6re de\u011fi\u015firken, <a href=\"https:\/\/tahasservis.com\/en\/yagli-vidali-kompresorler\/\" target=\"_blank\" rel=\"noreferrer noopener\">vidal\u0131 kompres\u00f6r <\/a>modellerinde ya\u011f deposunda, pistonlu tiplerde ise pompan\u0131n taban\u0131nda bulunmaktad\u0131r.&nbsp;<\/p>\n\n\n\n<p>Kompres\u00f6r ya\u011f\u0131 seviyesinde ideal olan miktar g\u00f6zlem cam\u0131n\u0131n ortas\u0131nda bir noktada olmas\u0131d\u0131r. Bu seviye kompres\u00f6r\u00fcn hen\u00fcz ya\u011f takviyesine ihtiyac\u0131 olmad\u0131\u011f\u0131n\u0131 anlam\u0131na gelmektedir. \u015eayet noktan\u0131n alt\u0131nda ise bu kompres\u00f6r\u00fcn ya\u011f ilavesine ihtiyac\u0131 oldu\u011funu g\u00f6sterirken, \u00fcst\u00fcnde ise fazla konuldu\u011funun bir i\u015faretidir. Kompres\u00f6r\u00fcn verimli olarak \u00e7al\u0131\u015fmas\u0131n\u0131 s\u00fcrd\u00fcrebilmesi ve nihai \u00fcr\u00fcn\u00fcn kaliteli al\u0131nabilmesi a\u00e7\u0131s\u0131ndan seviyenin ne fazla ne de eksik olmas\u0131 gerekir. Aksi takdirde her iki durum da sorunlara neden olabilir.&nbsp;<\/p>\n\n\n\n<p>Vidal\u0131 kompres\u00f6r<strong> <\/strong>modellerine ya\u011f takviyesi yaparken en b\u00fcy\u00fck yanl\u0131\u015flardan biri ya\u011f karterinin tepe noktas\u0131na kadar doldurulmas\u0131d\u0131r. Nas\u0131l eksik oldu\u011funda makine i\u00e7indeki s\u00fcrt\u00fcnmeden kaynakl\u0131 sorunlara neden oluyorsa, fazla oldu\u011funda da durum ayn\u0131d\u0131r. \u00c7\u00fcnk\u00fc \u015fayet fazlaysa \u00e7al\u0131\u015fma esnas\u0131nda \u00e7evreye fazla ya\u011f at\u0131l\u0131rken, bu zaman i\u00e7inde ciddi sorunlara neden olabilir. Bunun yan\u0131nda bu fazla ya\u011f sadece kompres\u00f6rde de\u011fil buna ba\u011fl\u0131 pn\u00f6matik cihaz ve aksesuarlar\u0131n hasar g\u00f6rmesine de neden olabilir. Hatta \u00f6yle ki z\u0131mparalama, r\u00f6tu\u015f veya sprey boyama yap\u0131l\u0131yorsa nihai \u00fcr\u00fcn\u00fcn zarar g\u00f6rmesine ve projenin tekrarlanmas\u0131na bile neden olabilir.<\/p>\n\n\n\n<figure class=\"wp-block-image size-large\"><img loading=\"lazy\" decoding=\"async\" width=\"1024\" height=\"724\" src=\"https:\/\/tahasservis.com\/wp-content\/uploads\/2022\/02\/vidali-kompresorlerde-hangi-yag-kullanilir-2-1024x724.jpg\" alt=\"vidali-kompresorlerde-hangi-yag-kullanilir (2)\" class=\"wp-image-2319\" srcset=\"https:\/\/tahasservis.com\/wp-content\/uploads\/2022\/02\/vidali-kompresorlerde-hangi-yag-kullanilir-2-1024x724.jpg 1024w, https:\/\/tahasservis.com\/wp-content\/uploads\/2022\/02\/vidali-kompresorlerde-hangi-yag-kullanilir-2-300x212.jpg 300w, https:\/\/tahasservis.com\/wp-content\/uploads\/2022\/02\/vidali-kompresorlerde-hangi-yag-kullanilir-2-768x543.jpg 768w, https:\/\/tahasservis.com\/wp-content\/uploads\/2022\/02\/vidali-kompresorlerde-hangi-yag-kullanilir-2-1536x1086.jpg 1536w, https:\/\/tahasservis.com\/wp-content\/uploads\/2022\/02\/vidali-kompresorlerde-hangi-yag-kullanilir-2-2048x1448.jpg 2048w, https:\/\/tahasservis.com\/wp-content\/uploads\/2022\/02\/vidali-kompresorlerde-hangi-yag-kullanilir-2-18x12.jpg 18w, https:\/\/tahasservis.com\/wp-content\/uploads\/2022\/02\/vidali-kompresorlerde-hangi-yag-kullanilir-2-1200x848.jpg 1200w\" sizes=\"auto, (max-width: 1024px) 100vw, 1024px\" \/><\/figure>\n\n\n\n<h2 class=\"wp-block-heading\" id=\"h-vidal-kompres-rlerde-kullan-lan-ya-lar\">Vidal\u0131 Kompres\u00f6rlerde Kullan\u0131lan Ya\u011flar<\/h2>\n\n\n\n<p>Kompres\u00f6rler ya\u011flan\u0131rken kullan\u0131lacak olan \u00fcr\u00fcn\u00fcn se\u00e7imi, kompres\u00f6r\u00fcn \u00e7al\u0131\u015fma s\u00fcresi ve \u00e7al\u0131\u015fma ko\u015fullar\u0131na g\u00f6re farkl\u0131l\u0131klar g\u00f6sterir. Farkl\u0131 \u00f6zellikte \u00fcretilen bu ya\u011flar tam sentetik, sentetik ve mineral bazl\u0131 kompres\u00f6r ya\u011flar\u0131 olarak \u00fc\u00e7 gruba ayr\u0131l\u0131rken, hangisinin ne ama\u00e7la kullan\u0131ld\u0131\u011f\u0131n\u0131n bilinmesi gerekir. B\u00f6ylelikle bas\u0131n\u00e7l\u0131 hava sisteminde yap\u0131lan bu bak\u0131m ad\u0131m\u0131n\u0131n verimli olmas\u0131 sa\u011flanabilir.<\/p>\n\n\n\n<h3 class=\"wp-block-heading\" id=\"h-mineral-kompres-r-ya-lar\">Mineral Kompres\u00f6r Ya\u011flar\u0131<\/h3>\n\n\n\n<p>Mineral ya\u011flar\u0131 pistonlu kompres\u00f6r modellerinde oldu\u011fu gibi vidal\u0131 kompres\u00f6r bak\u0131m\u0131nda da kullan\u0131lan ya\u011flard\u0131r. Bu kompres\u00f6r modelinin so\u011futulmas\u0131n\u0131 ve ya\u011flanmas\u0131nda kullan\u0131lan mineral bazl\u0131 ya\u011flar, korozyon ve paslanmaya kar\u015f\u0131 bu arac\u0131 dayan\u0131kl\u0131 k\u0131lacak niteliktedirler. Ayn\u0131 zamanda su ve havada kolayca ayr\u0131\u015fabilirken, b\u00f6ylelikle filtrelerin t\u0131kanmas\u0131n\u0131 ve de\u011fi\u015ftirilmesini \u00f6nleyebilirler. Bu \u00f6zelli\u011fi sayesinde ya\u011f ihtiyac\u0131n\u0131 azalt\u0131rken, kompres\u00f6rden \u00e7\u0131kan hava kalitesinin y\u00fcksek olmas\u0131n\u0131 sa\u011flayabilirler.<\/p>\n\n\n\n<h3 class=\"wp-block-heading\" id=\"h-sentetik-kompres-r-ya-lar\">Sentetik Kompres\u00f6r Ya\u011flar\u0131<\/h3>\n\n\n\n<p>Kompres\u00f6r tipleri aras\u0131nda<strong> vidal\u0131 kompres\u00f6r<\/strong> modelleri y\u00fcksek \u0131s\u0131 ve bas\u0131n\u00e7 alt\u0131nda \u00e7al\u0131\u015fan modellerdir. Bu y\u00fczden aksamlar\u0131n\u0131n bak\u0131m\u0131 yap\u0131l\u0131rken, \u00f6zellikle sentetik kompres\u00f6r ya\u011flar\u0131 se\u00e7ilmesi do\u011fru bir yakla\u015f\u0131md\u0131r. \u00c7\u00fcnk\u00fc i\u00e7eri\u011findeki bile\u015fenler, bu par\u00e7alarda olas\u0131 \u00e7amurla\u015fma ve karbonla\u015fma seviyesini d\u00fc\u015f\u00fcrme \u00f6zelli\u011fine sahiptir. B\u00f6ylelikle hassas vida sistemi korunurken, verimlilik artar ve kompres\u00f6re ek bak\u0131m yap\u0131lmas\u0131n\u0131 \u00f6nlenebilir. Sentetik bazl\u0131 bu ya\u011flar, bir kompres\u00f6r\u00fcn \u00e7al\u0131\u015fma s\u00fcresi i\u00e7inde 5000-6000 saat aral\u0131\u011f\u0131nda \u00f6zelli\u011fini koruyabilirken, bu s\u00fcre devreye giri\u015f-\u00e7\u0131k\u0131\u015f s\u00fcresine ba\u011fl\u0131 olarak de\u011fi\u015febilir.<\/p>\n\n\n\n<h3 class=\"wp-block-heading\">Tam Sentetik Kompres\u00f6r Ya\u011flar\u0131<\/h3>\n\n\n\n<p>Tam sentetik kompres\u00f6r ya\u011f\u0131, yeni teknoloji kompres\u00f6r modellerinde so\u011futma ve ya\u011flama amac\u0131yla kullan\u0131lmaktad\u0131r. Bu bak\u0131m \u00fcr\u00fcn\u00fc, zor \u00e7al\u0131\u015fma ko\u015fullar\u0131 alt\u0131nda faaliyet g\u00f6steren bu kompres\u00f6rlerin y\u00fcksek bas\u0131n\u00e7 ve \u0131s\u0131 kar\u015f\u0131s\u0131nda verimlili\u011fini art\u0131r\u0131r \u00f6zelliktedir. Bile\u015fen olarak sentetik bazl\u0131 olanlar ile yeni teknoloji katl\u0131 maddelerinin sentezlenmesi ile elde edilirlerken, kompres\u00f6r ya\u011flar\u0131ndaki olas\u0131 \u00e7amurla\u015fma ve karbonla\u015fmay\u0131 \u00f6nleyerek i\u015flev g\u00f6r\u00fcrler. Su ve hava ile kolayca \u00e7\u00f6z\u00fcnebilirken, b\u00f6ylelikle hava filtrelerinin daha uzun \u00f6m\u00fcrl\u00fc olmas\u0131n\u0131 sa\u011flayabilirler.&nbsp;<\/p>\n\n\n\n<p>\u015eayet sizde kompres\u00f6r\u00fcn\u00fcz\u00fcn m\u00fcmk\u00fcn oldu\u011funca verimli \u00e7al\u0131\u015fmas\u0131n\u0131 sa\u011flamayabilmek ad\u0131na bak\u0131m ve servis ihtiyac\u0131 duyuyorsan\u0131z <a href=\"https:\/\/tahasservis.com\/en\/\">TAHA\u015e SERV\u0130S<\/a>&nbsp;web sitesini ziyaret edebilir, irtibata ge\u00e7erek randevu olu\u015fturabilirsiniz. Ayr\u0131ca yenilik\u00e7i ve \u00f6nleyici bak\u0131m \u00e7al\u0131\u015fmalar\u0131 hakk\u0131nda bilgi alabilir, ar\u0131zalar nedeniyle projelerinizin aksama riskini b\u00fcy\u00fck \u00f6l\u00e7\u00fcde azaltabilir, enerjiden tasarruf ettirecek \u00e7\u00f6z\u00fcmler \u00fczerine s\u00fcrekli g\u00fcncellenen&nbsp;<a href=\"https:\/\/tahasservis.com\/en\/blog\/\">BLOG<\/a>&nbsp;sayfam\u0131zdan bilgi edinebilirsiniz.<\/p>","protected":false},"excerpt":{"rendered":"<p>Bas\u0131n\u00e7l\u0131 hava sistemi i\u00e7inde vidal\u0131 kompres\u00f6r modelleri, metal aksaml\u0131 ve bir\u00e7ok eleman\u0131 bar\u0131nd\u0131ran bir yap\u0131ya sahiptir. Aktif oldu\u011fu durumlarda bu bu par\u00e7alar\u0131n korunmas\u0131 gerekir. Aksi takdirde s\u00fcrt\u00fcnme nedeniyle sistem i\u00e7inde \u0131s\u0131 art\u0131\u015f\u0131 ya\u015fan\u0131rken, baz\u0131 par\u00e7alar zarar g\u00f6rebilir. Genel itibari ile bu par\u00e7alar\u0131n ya\u011flanmas\u0131, sistemin verimli \u00e7al\u0131\u015fmas\u0131 ve performans\u0131 a\u00e7\u0131s\u0131ndan olduk\u00e7a \u00f6nemli bir bak\u0131m periyodudur. Aksat\u0131lmadan [&hellip;]<\/p>","protected":false},"author":3,"featured_media":2318,"comment_status":"open","ping_status":"open","sticky":false,"template":"","format":"standard","meta":{"footnotes":""},"categories":[1,86],"tags":[],"class_list":["post-2317","post","type-post","status-publish","format-standard","has-post-thumbnail","hentry","category-genel","category-kompresorler"],"yoast_head":"<!-- This site is optimized with the Yoast SEO Premium plugin v16.1 (Yoast SEO v25.6) - https:\/\/yoast.com\/wordpress\/plugins\/seo\/ -->\n<title>Vidal\u0131 Kompres\u00f6rlerde Hangi Ya\u011f Kullan\u0131l\u0131r? - Taha\u015f Servis<\/title>\n<meta name=\"description\" content=\"Vidal\u0131 kompres\u00f6r \u00e7al\u0131\u015fmas\u0131n\u0131 verimli olarak s\u00fcrd\u00fcrebilmesi i\u00e7in kullan\u0131lan ya\u011f kalitesi kadar ya\u011f\u0131n seviyesi ve de\u011fi\u015ftirilme periyodu gibi fakt\u00f6rler de olduk\u00e7a \u00f6nemlidir.\" \/>\n<meta name=\"robots\" content=\"index, follow, max-snippet:-1, max-image-preview:large, max-video-preview:-1\" \/>\n<link rel=\"canonical\" href=\"https:\/\/tahasservis.com\/en\/vidali-kompresorlerde-hangi-yag-kullanilir\/\" \/>\n<meta property=\"og:locale\" content=\"en_US\" \/>\n<meta property=\"og:type\" content=\"article\" \/>\n<meta property=\"og:title\" content=\"Vidal\u0131 Kompres\u00f6rlerde Hangi Ya\u011f Kullan\u0131l\u0131r? - Taha\u015f Servis\" \/>\n<meta property=\"og:description\" content=\"Vidal\u0131 kompres\u00f6r \u00e7al\u0131\u015fmas\u0131n\u0131 verimli olarak s\u00fcrd\u00fcrebilmesi i\u00e7in kullan\u0131lan ya\u011f kalitesi kadar ya\u011f\u0131n seviyesi ve de\u011fi\u015ftirilme periyodu gibi fakt\u00f6rler de olduk\u00e7a \u00f6nemlidir.\" \/>\n<meta property=\"og:url\" content=\"https:\/\/tahasservis.com\/en\/vidali-kompresorlerde-hangi-yag-kullanilir\/\" \/>\n<meta property=\"og:site_name\" content=\"Taha\u015f Servis\" \/>\n<meta property=\"article:published_time\" content=\"2022-02-05T22:21:34+00:00\" \/>\n<meta property=\"article:modified_time\" content=\"2022-03-17T13:29:48+00:00\" \/>\n<meta property=\"og:image\" content=\"https:\/\/tahasservis.com\/wp-content\/uploads\/2022\/02\/vidali-kompresorlerde-hangi-yag-kullanilir-1-scaled.jpg\" \/>\n\t<meta property=\"og:image:width\" content=\"2560\" \/>\n\t<meta property=\"og:image:height\" content=\"1810\" \/>\n\t<meta property=\"og:image:type\" content=\"image\/jpeg\" \/>\n<meta name=\"author\" content=\"tahas-yonetim\" \/>\n<meta name=\"twitter:card\" content=\"summary_large_image\" \/>\n<meta name=\"twitter:label1\" content=\"Written by\" \/>\n\t<meta name=\"twitter:data1\" content=\"tahas-yonetim\" \/>\n\t<meta name=\"twitter:label2\" content=\"Est. reading time\" \/>\n\t<meta name=\"twitter:data2\" content=\"5 minutes\" \/>\n<script type=\"application\/ld+json\" class=\"yoast-schema-graph\">{\"@context\":\"https:\/\/schema.org\",\"@graph\":[{\"@type\":\"Article\",\"@id\":\"https:\/\/tahasservis.com\/vidali-kompresorlerde-hangi-yag-kullanilir\/#article\",\"isPartOf\":{\"@id\":\"https:\/\/tahasservis.com\/vidali-kompresorlerde-hangi-yag-kullanilir\/\"},\"author\":{\"name\":\"tahas-yonetim\",\"@id\":\"https:\/\/tahasservis.com\/#\/schema\/person\/dcc8e69a1a683906b597f6df39e4cf30\"},\"headline\":\"Vidal\u0131 Kompres\u00f6rlerde Hangi Ya\u011f Kullan\u0131l\u0131r?\",\"datePublished\":\"2022-02-05T22:21:34+00:00\",\"dateModified\":\"2022-03-17T13:29:48+00:00\",\"mainEntityOfPage\":{\"@id\":\"https:\/\/tahasservis.com\/vidali-kompresorlerde-hangi-yag-kullanilir\/\"},\"wordCount\":1064,\"commentCount\":0,\"publisher\":{\"@id\":\"https:\/\/tahasservis.com\/#organization\"},\"image\":{\"@id\":\"https:\/\/tahasservis.com\/vidali-kompresorlerde-hangi-yag-kullanilir\/#primaryimage\"},\"thumbnailUrl\":\"https:\/\/tahasservis.com\/wp-content\/uploads\/2022\/02\/vidali-kompresorlerde-hangi-yag-kullanilir-1-scaled.jpg\",\"articleSection\":[\"Genel\",\"Kompres\u00f6rler\"],\"inLanguage\":\"en-US\"},{\"@type\":\"WebPage\",\"@id\":\"https:\/\/tahasservis.com\/vidali-kompresorlerde-hangi-yag-kullanilir\/\",\"url\":\"https:\/\/tahasservis.com\/vidali-kompresorlerde-hangi-yag-kullanilir\/\",\"name\":\"Vidal\u0131 Kompres\u00f6rlerde Hangi Ya\u011f Kullan\u0131l\u0131r? - Taha\u015f Servis\",\"isPartOf\":{\"@id\":\"https:\/\/tahasservis.com\/#website\"},\"primaryImageOfPage\":{\"@id\":\"https:\/\/tahasservis.com\/vidali-kompresorlerde-hangi-yag-kullanilir\/#primaryimage\"},\"image\":{\"@id\":\"https:\/\/tahasservis.com\/vidali-kompresorlerde-hangi-yag-kullanilir\/#primaryimage\"},\"thumbnailUrl\":\"https:\/\/tahasservis.com\/wp-content\/uploads\/2022\/02\/vidali-kompresorlerde-hangi-yag-kullanilir-1-scaled.jpg\",\"datePublished\":\"2022-02-05T22:21:34+00:00\",\"dateModified\":\"2022-03-17T13:29:48+00:00\",\"description\":\"Vidal\u0131 kompres\u00f6r \u00e7al\u0131\u015fmas\u0131n\u0131 verimli olarak s\u00fcrd\u00fcrebilmesi i\u00e7in kullan\u0131lan ya\u011f kalitesi kadar ya\u011f\u0131n seviyesi ve de\u011fi\u015ftirilme periyodu gibi fakt\u00f6rler de olduk\u00e7a \u00f6nemlidir.\",\"breadcrumb\":{\"@id\":\"https:\/\/tahasservis.com\/vidali-kompresorlerde-hangi-yag-kullanilir\/#breadcrumb\"},\"inLanguage\":\"en-US\",\"potentialAction\":[{\"@type\":\"ReadAction\",\"target\":[\"https:\/\/tahasservis.com\/vidali-kompresorlerde-hangi-yag-kullanilir\/\"]}]},{\"@type\":\"ImageObject\",\"inLanguage\":\"en-US\",\"@id\":\"https:\/\/tahasservis.com\/vidali-kompresorlerde-hangi-yag-kullanilir\/#primaryimage\",\"url\":\"https:\/\/tahasservis.com\/wp-content\/uploads\/2022\/02\/vidali-kompresorlerde-hangi-yag-kullanilir-1-scaled.jpg\",\"contentUrl\":\"https:\/\/tahasservis.com\/wp-content\/uploads\/2022\/02\/vidali-kompresorlerde-hangi-yag-kullanilir-1-scaled.jpg\",\"width\":2560,\"height\":1810,\"caption\":\"vidali-kompresorlerde-hangi-yag-kullanilir (1)\"},{\"@type\":\"BreadcrumbList\",\"@id\":\"https:\/\/tahasservis.com\/vidali-kompresorlerde-hangi-yag-kullanilir\/#breadcrumb\",\"itemListElement\":[{\"@type\":\"ListItem\",\"position\":1,\"name\":\"Home\",\"item\":\"https:\/\/tahasservis.com\/\"},{\"@type\":\"ListItem\",\"position\":2,\"name\":\"Vidal\u0131 Kompres\u00f6rlerde Hangi Ya\u011f Kullan\u0131l\u0131r?\"}]},{\"@type\":\"WebSite\",\"@id\":\"https:\/\/tahasservis.com\/#website\",\"url\":\"https:\/\/tahasservis.com\/\",\"name\":\"Taha\u015f Servis\",\"description\":\"Taha\u015f Tazyikli Hava Servisi A.\u015e\",\"publisher\":{\"@id\":\"https:\/\/tahasservis.com\/#organization\"},\"potentialAction\":[{\"@type\":\"SearchAction\",\"target\":{\"@type\":\"EntryPoint\",\"urlTemplate\":\"https:\/\/tahasservis.com\/?s={search_term_string}\"},\"query-input\":{\"@type\":\"PropertyValueSpecification\",\"valueRequired\":true,\"valueName\":\"search_term_string\"}}],\"inLanguage\":\"en-US\"},{\"@type\":\"Organization\",\"@id\":\"https:\/\/tahasservis.com\/#organization\",\"name\":\"TAHA\u015e SERV\u0130S\",\"url\":\"https:\/\/tahasservis.com\/\",\"logo\":{\"@type\":\"ImageObject\",\"inLanguage\":\"en-US\",\"@id\":\"https:\/\/tahasservis.com\/#\/schema\/logo\/image\/\",\"url\":\"https:\/\/tahasservis.com\/wp-content\/uploads\/2020\/12\/cropped-Tahas_Logo.png\",\"contentUrl\":\"https:\/\/tahasservis.com\/wp-content\/uploads\/2020\/12\/cropped-Tahas_Logo.png\",\"width\":512,\"height\":512,\"caption\":\"TAHA\u015e SERV\u0130S\"},\"image\":{\"@id\":\"https:\/\/tahasservis.com\/#\/schema\/logo\/image\/\"}},{\"@type\":\"Person\",\"@id\":\"https:\/\/tahasservis.com\/#\/schema\/person\/dcc8e69a1a683906b597f6df39e4cf30\",\"name\":\"tahas-yonetim\",\"image\":{\"@type\":\"ImageObject\",\"inLanguage\":\"en-US\",\"@id\":\"https:\/\/tahasservis.com\/#\/schema\/person\/image\/\",\"url\":\"https:\/\/secure.gravatar.com\/avatar\/ed78e5bd60b15c34eb09a92a753042c8c007ea7e517e148043543031cb0acebb?s=96&d=mm&r=g\",\"contentUrl\":\"https:\/\/secure.gravatar.com\/avatar\/ed78e5bd60b15c34eb09a92a753042c8c007ea7e517e148043543031cb0acebb?s=96&d=mm&r=g\",\"caption\":\"tahas-yonetim\"}}]}<\/script>\n<!-- \/ Yoast SEO Premium plugin. -->","yoast_head_json":{"title":"Vidal\u0131 Kompres\u00f6rlerde Hangi Ya\u011f Kullan\u0131l\u0131r? - Taha\u015f Servis","description":"Vidal\u0131 kompres\u00f6r \u00e7al\u0131\u015fmas\u0131n\u0131 verimli olarak s\u00fcrd\u00fcrebilmesi i\u00e7in kullan\u0131lan ya\u011f kalitesi kadar ya\u011f\u0131n seviyesi ve de\u011fi\u015ftirilme periyodu gibi fakt\u00f6rler de olduk\u00e7a \u00f6nemlidir.","robots":{"index":"index","follow":"follow","max-snippet":"max-snippet:-1","max-image-preview":"max-image-preview:large","max-video-preview":"max-video-preview:-1"},"canonical":"https:\/\/tahasservis.com\/en\/vidali-kompresorlerde-hangi-yag-kullanilir\/","og_locale":"en_US","og_type":"article","og_title":"Vidal\u0131 Kompres\u00f6rlerde Hangi Ya\u011f Kullan\u0131l\u0131r? - Taha\u015f Servis","og_description":"Vidal\u0131 kompres\u00f6r \u00e7al\u0131\u015fmas\u0131n\u0131 verimli olarak s\u00fcrd\u00fcrebilmesi i\u00e7in kullan\u0131lan ya\u011f kalitesi kadar ya\u011f\u0131n seviyesi ve de\u011fi\u015ftirilme periyodu gibi fakt\u00f6rler de olduk\u00e7a \u00f6nemlidir.","og_url":"https:\/\/tahasservis.com\/en\/vidali-kompresorlerde-hangi-yag-kullanilir\/","og_site_name":"Taha\u015f Servis","article_published_time":"2022-02-05T22:21:34+00:00","article_modified_time":"2022-03-17T13:29:48+00:00","og_image":[{"width":2560,"height":1810,"url":"https:\/\/tahasservis.com\/wp-content\/uploads\/2022\/02\/vidali-kompresorlerde-hangi-yag-kullanilir-1-scaled.jpg","type":"image\/jpeg"}],"author":"tahas-yonetim","twitter_card":"summary_large_image","twitter_misc":{"Written by":"tahas-yonetim","Est. reading time":"5 minutes"},"schema":{"@context":"https:\/\/schema.org","@graph":[{"@type":"Article","@id":"https:\/\/tahasservis.com\/vidali-kompresorlerde-hangi-yag-kullanilir\/#article","isPartOf":{"@id":"https:\/\/tahasservis.com\/vidali-kompresorlerde-hangi-yag-kullanilir\/"},"author":{"name":"tahas-yonetim","@id":"https:\/\/tahasservis.com\/#\/schema\/person\/dcc8e69a1a683906b597f6df39e4cf30"},"headline":"Vidal\u0131 Kompres\u00f6rlerde Hangi Ya\u011f Kullan\u0131l\u0131r?","datePublished":"2022-02-05T22:21:34+00:00","dateModified":"2022-03-17T13:29:48+00:00","mainEntityOfPage":{"@id":"https:\/\/tahasservis.com\/vidali-kompresorlerde-hangi-yag-kullanilir\/"},"wordCount":1064,"commentCount":0,"publisher":{"@id":"https:\/\/tahasservis.com\/#organization"},"image":{"@id":"https:\/\/tahasservis.com\/vidali-kompresorlerde-hangi-yag-kullanilir\/#primaryimage"},"thumbnailUrl":"https:\/\/tahasservis.com\/wp-content\/uploads\/2022\/02\/vidali-kompresorlerde-hangi-yag-kullanilir-1-scaled.jpg","articleSection":["Genel","Kompres\u00f6rler"],"inLanguage":"en-US"},{"@type":"WebPage","@id":"https:\/\/tahasservis.com\/vidali-kompresorlerde-hangi-yag-kullanilir\/","url":"https:\/\/tahasservis.com\/vidali-kompresorlerde-hangi-yag-kullanilir\/","name":"Vidal\u0131 Kompres\u00f6rlerde Hangi Ya\u011f Kullan\u0131l\u0131r? - Taha\u015f Servis","isPartOf":{"@id":"https:\/\/tahasservis.com\/#website"},"primaryImageOfPage":{"@id":"https:\/\/tahasservis.com\/vidali-kompresorlerde-hangi-yag-kullanilir\/#primaryimage"},"image":{"@id":"https:\/\/tahasservis.com\/vidali-kompresorlerde-hangi-yag-kullanilir\/#primaryimage"},"thumbnailUrl":"https:\/\/tahasservis.com\/wp-content\/uploads\/2022\/02\/vidali-kompresorlerde-hangi-yag-kullanilir-1-scaled.jpg","datePublished":"2022-02-05T22:21:34+00:00","dateModified":"2022-03-17T13:29:48+00:00","description":"Vidal\u0131 kompres\u00f6r \u00e7al\u0131\u015fmas\u0131n\u0131 verimli olarak s\u00fcrd\u00fcrebilmesi i\u00e7in kullan\u0131lan ya\u011f kalitesi kadar ya\u011f\u0131n seviyesi ve de\u011fi\u015ftirilme periyodu gibi fakt\u00f6rler de olduk\u00e7a \u00f6nemlidir.","breadcrumb":{"@id":"https:\/\/tahasservis.com\/vidali-kompresorlerde-hangi-yag-kullanilir\/#breadcrumb"},"inLanguage":"en-US","potentialAction":[{"@type":"ReadAction","target":["https:\/\/tahasservis.com\/vidali-kompresorlerde-hangi-yag-kullanilir\/"]}]},{"@type":"ImageObject","inLanguage":"en-US","@id":"https:\/\/tahasservis.com\/vidali-kompresorlerde-hangi-yag-kullanilir\/#primaryimage","url":"https:\/\/tahasservis.com\/wp-content\/uploads\/2022\/02\/vidali-kompresorlerde-hangi-yag-kullanilir-1-scaled.jpg","contentUrl":"https:\/\/tahasservis.com\/wp-content\/uploads\/2022\/02\/vidali-kompresorlerde-hangi-yag-kullanilir-1-scaled.jpg","width":2560,"height":1810,"caption":"vidali-kompresorlerde-hangi-yag-kullanilir (1)"},{"@type":"BreadcrumbList","@id":"https:\/\/tahasservis.com\/vidali-kompresorlerde-hangi-yag-kullanilir\/#breadcrumb","itemListElement":[{"@type":"ListItem","position":1,"name":"Home","item":"https:\/\/tahasservis.com\/"},{"@type":"ListItem","position":2,"name":"Vidal\u0131 Kompres\u00f6rlerde Hangi Ya\u011f Kullan\u0131l\u0131r?"}]},{"@type":"WebSite","@id":"https:\/\/tahasservis.com\/#website","url":"https:\/\/tahasservis.com\/","name":"Taha\u015f Servis","description":"Taha\u015f Tazyikli Hava Servisi A.\u015e","publisher":{"@id":"https:\/\/tahasservis.com\/#organization"},"potentialAction":[{"@type":"SearchAction","target":{"@type":"EntryPoint","urlTemplate":"https:\/\/tahasservis.com\/?s={search_term_string}"},"query-input":{"@type":"PropertyValueSpecification","valueRequired":true,"valueName":"search_term_string"}}],"inLanguage":"en-US"},{"@type":"Organization","@id":"https:\/\/tahasservis.com\/#organization","name":"TAHA\u015e SERV\u0130S","url":"https:\/\/tahasservis.com\/","logo":{"@type":"ImageObject","inLanguage":"en-US","@id":"https:\/\/tahasservis.com\/#\/schema\/logo\/image\/","url":"https:\/\/tahasservis.com\/wp-content\/uploads\/2020\/12\/cropped-Tahas_Logo.png","contentUrl":"https:\/\/tahasservis.com\/wp-content\/uploads\/2020\/12\/cropped-Tahas_Logo.png","width":512,"height":512,"caption":"TAHA\u015e SERV\u0130S"},"image":{"@id":"https:\/\/tahasservis.com\/#\/schema\/logo\/image\/"}},{"@type":"Person","@id":"https:\/\/tahasservis.com\/#\/schema\/person\/dcc8e69a1a683906b597f6df39e4cf30","name":"tahas-yonetim","image":{"@type":"ImageObject","inLanguage":"en-US","@id":"https:\/\/tahasservis.com\/#\/schema\/person\/image\/","url":"https:\/\/secure.gravatar.com\/avatar\/ed78e5bd60b15c34eb09a92a753042c8c007ea7e517e148043543031cb0acebb?s=96&d=mm&r=g","contentUrl":"https:\/\/secure.gravatar.com\/avatar\/ed78e5bd60b15c34eb09a92a753042c8c007ea7e517e148043543031cb0acebb?s=96&d=mm&r=g","caption":"tahas-yonetim"}}]}},"_links":{"self":[{"href":"https:\/\/tahasservis.com\/en\/wp-json\/wp\/v2\/posts\/2317","targetHints":{"allow":["GET"]}}],"collection":[{"href":"https:\/\/tahasservis.com\/en\/wp-json\/wp\/v2\/posts"}],"about":[{"href":"https:\/\/tahasservis.com\/en\/wp-json\/wp\/v2\/types\/post"}],"author":[{"embeddable":true,"href":"https:\/\/tahasservis.com\/en\/wp-json\/wp\/v2\/users\/3"}],"replies":[{"embeddable":true,"href":"https:\/\/tahasservis.com\/en\/wp-json\/wp\/v2\/comments?post=2317"}],"version-history":[{"count":0,"href":"https:\/\/tahasservis.com\/en\/wp-json\/wp\/v2\/posts\/2317\/revisions"}],"wp:featuredmedia":[{"embeddable":true,"href":"https:\/\/tahasservis.com\/en\/wp-json\/wp\/v2\/media\/2318"}],"wp:attachment":[{"href":"https:\/\/tahasservis.com\/en\/wp-json\/wp\/v2\/media?parent=2317"}],"wp:term":[{"taxonomy":"category","embeddable":true,"href":"https:\/\/tahasservis.com\/en\/wp-json\/wp\/v2\/categories?post=2317"},{"taxonomy":"post_tag","embeddable":true,"href":"https:\/\/tahasservis.com\/en\/wp-json\/wp\/v2\/tags?post=2317"}],"curies":[{"name":"wp","href":"https:\/\/api.w.org\/{rel}","templated":true}]}}