{"id":2346,"date":"2022-02-28T08:37:27","date_gmt":"2022-02-28T08:37:27","guid":{"rendered":"https:\/\/tahasservis.com\/?p=2346"},"modified":"2022-03-17T12:23:23","modified_gmt":"2022-03-17T12:23:23","slug":"hava-kompresor-verimi-nasil-arttirilir","status":"publish","type":"post","link":"https:\/\/tahasservis.com\/en\/hava-kompresor-verimi-nasil-arttirilir\/","title":{"rendered":"Hava Kompres\u00f6r Verimi Nas\u0131l Artt\u0131r\u0131l\u0131r?"},"content":{"rendered":"<p>G\u00fcn\u00fcm\u00fczde ekonomik dengelerin de\u011fi\u015fmesi ile i\u015fletmeler aras\u0131ndaki rekabet olduk\u00e7a y\u00fckselmeye ba\u015flam\u0131\u015ft\u0131r. Bir\u00e7ok kalem gibi i\u015fletmelerin maliyetlerini azaltmas\u0131 i\u00e7in enerji tasarrufunu da g\u00f6z \u00f6n\u00fcne almalar\u0131 gerekmektedir. Bir\u00e7ok firma i\u00e7in bas\u0131n\u00e7l\u0131 hava sistemi ihtiyac\u0131 zorunluluk halindedir.&nbsp; Bu nedenle bas\u0131n\u00e7l\u0131 hava sistemlerinin verimli kullan\u0131lacak hale getirilmesi \u00f6nemlilik arz etmektedir. Bu yaz\u0131m\u0131zda hava kompres\u00f6r\u00fc kullanan i\u015fletmeler i\u00e7in hava kompres\u00f6r\u00fc verimi nas\u0131l artt\u0131r\u0131labilir sorusunun yan\u0131tlar\u0131na de\u011findik.&nbsp;<\/p>\n\n\n\n<h2 class=\"wp-block-heading\" id=\"h-hava-kompres-r-verimlili-ini-art-rmak-neden-nemlidir\">Hava Kompres\u00f6r\u00fc Verimlili\u011fini Art\u0131rmak Neden \u00d6nemlidir?<\/h2>\n\n\n\n<p>Do\u011fal kaynaklar\u0131n s\u0131n\u0131rs\u0131z oldu\u011fu d\u00fc\u015f\u00fcncesi g\u00fcn\u00fcm\u00fczde yerini, bu kaynaklar\u0131n bilin\u00e7sizce kullan\u0131lmas\u0131 durumunda t\u00fckenece\u011fi \u00f6ng\u00f6r\u00fcs\u00fcne b\u0131rakm\u0131\u015ft\u0131r. Durum b\u00f6yle olunca t\u00fcm d\u00fcnya i\u00e7in enerji verimlili\u011fi konusu \u00f6ncelik haline gelmi\u015ftir. Yap\u0131lan bir \u00f6ng\u00f6r\u00fcye g\u00f6re, herkes enerji verimlili\u011fi konusunda hassasiyet g\u00f6stermez ve insan \u0131rk\u0131 bu \u015fekilde \u00e7o\u011falmaya devam ederse durum vahimdir. \u00c7\u00fcnk\u00fc, insanl\u0131k 2050 y\u0131l\u0131nda ihtiya\u00e7lar\u0131n\u0131 kar\u015f\u0131lamak i\u00e7in 3 adet d\u00fcnyaya gereksinim duyacakt\u0131r.&nbsp;<\/p>\n\n\n\n<p>\u00dcretilmesi, depolamas\u0131 ve ta\u015f\u0131nmas\u0131 kolay oldu\u011fu kadar g\u00fcvenli ve temiz olan bas\u0131n\u00e7l\u0131 hava, end\u00fcstriler i\u00e7in vazge\u00e7ilmezdir. Bas\u0131n\u00e7l\u0131 hava maliyetinin % 75\u2019i enerji, kalan % 25\u2019i ise ekipman yat\u0131r\u0131m\u0131, amortisman, kullan\u0131lan alan maliyeti, bak\u0131m-onar\u0131m gibi di\u011fer maliyet kalemleri olarak kabul edilmektedir. Dolay\u0131s\u0131yla bu kadar y\u00fcksek olan enerji maliyetlerinde tasarruf etmek bir zorunluluk haline gelmektedir.<\/p>\n\n\n\n<p>Hava kompres\u00f6r\u00fc daha verimli \u00e7al\u0131\u015ft\u0131\u011f\u0131nda ise enerji tasarrufu yan\u0131nda ayr\u0131ca zamans\u0131z ar\u0131zalar ve \u00f6ng\u00f6r\u00fclemeyen bir de\u011fi\u015fimden de ka\u00e7\u0131n\u0131lm\u0131\u015f olunur. Ayr\u0131ca nihai \u00fcretim kaliteli yap\u0131labilirken, sa\u011flanan verimlilik ve m\u00fc\u015fteri memnuniyeti sayesinde ise k\u0131yas\u0131ya rekabette bir ad\u0131m \u00f6ne ge\u00e7ilebilir.<\/p>\n\n\n\n<h2 class=\"wp-block-heading\" id=\"h-hava-kompres-r-verimlili-i-analiz-y-ntemleri\">Hava Kompres\u00f6r\u00fc Verimlili\u011fi Analiz Y\u00f6ntemleri<\/h2>\n\n\n\n<p>Hava kompres\u00f6r\u00fc verimlili\u011fini analiz etmenin farkl\u0131 yollar\u0131 bulunurken, bunlar d\u00f6rt a\u015famada ele al\u0131nabilir. Bu a\u015famalar k\u0131saca \u015fu \u015fekildedir;&nbsp;<\/p>\n\n\n\n<h3 class=\"wp-block-heading\">1. <strong>Bas\u0131n\u00e7l\u0131 Hava \u00dcretiminde Kompres\u00f6r Verimlili\u011fi<\/strong><\/h3>\n\n\n\n<p>Kompres\u00f6r i\u00e7in harcanan enerjinin %15\u2019i bas\u0131n\u00e7land\u0131rma, kalan k\u0131sm\u0131 ise sistemden \u0131s\u0131 olarak at\u0131larak harcanmaktad\u0131r. Dolay\u0131s\u0131yla \u00e7ok kademeli ve ara so\u011futmal\u0131 s\u0131k\u0131\u015ft\u0131rma ile kompres\u00f6r\u00fcn verimini art\u0131rmak m\u00fcmk\u00fcnd\u00fcr. \u0130\u015fte verimsiz \u00e7al\u0131\u015fan kompres\u00f6r i\u00e7in al\u0131nabilecek baz\u0131 \u00f6nlemler;&nbsp;<\/p>\n\n\n\n<ul class=\"wp-block-list\"><li><strong>Do\u011fru kompres\u00f6r kombinasyonunun se\u00e7ilmesi<\/strong><\/li><\/ul>\n\n\n\n<p>\u0130\u015fletmenin ihtiyac\u0131 olan bas\u0131n\u00e7l\u0131 hava miktar\u0131na g\u00f6re hava kompres\u00f6r\u00fc do\u011fru boyutland\u0131r\u0131lmal\u0131d\u0131r. Bunun yan\u0131nda geli\u015fmi\u015f kontrol sistemleri olan yeni teknoloji modelinin se\u00e7ilmesi verimlilik a\u00e7\u0131s\u0131ndan olduk\u00e7a \u00f6nemlidir. Mesela aral\u0131kl\u0131 bas\u0131n\u00e7l\u0131 hava kullanan i\u015fletmeler i\u00e7in pistonlu kompres\u00f6rler yeterli olabilirken, bir\u00e7ok noktada ve s\u00fcrekli bas\u0131n\u00e7l\u0131 hava kullananlar i\u00e7in ise <a href=\"https:\/\/tahasservis.com\/en\/yagli-vidali-kompresorler\/\" target=\"_blank\" rel=\"noreferrer noopener\">vidal\u0131 kompres\u00f6r<\/a><strong> <\/strong>idealdir.&nbsp;<\/p>\n\n\n\n<ul class=\"wp-block-list\"><li><strong>Kompres\u00f6r Bak\u0131mlar\u0131<\/strong><\/li><\/ul>\n\n\n\n<p>Kompres\u00f6r bak\u0131mlar\u0131n\u0131n belirlenen periyotta ve kaliteli yedek par\u00e7alarla yap\u0131lmas\u0131 verimlilik a\u00e7\u0131s\u0131ndan olduk\u00e7a \u00f6nemlidir. Bu bak\u0131mda separat\u00f6r, ya\u011f ve emi\u015f filtrelerinin temizlik ve de\u011fi\u015fimi yap\u0131lmal\u0131d\u0131r. Aksi takdirde t\u0131kanmalardan kaynakl\u0131 bas\u0131n\u00e7 d\u00fc\u015f\u00fc\u015f\u00fc, fazla enerji harcanmas\u0131na neden olabilir.<\/p>\n\n\n\n<ul class=\"wp-block-list\"><li><strong>Kompres\u00f6rlerin bulundu\u011fu ortam \u015fartlar\u0131<\/strong><\/li><\/ul>\n\n\n\n<p>\u0130ster pistonlu isterse vidal\u0131 kompres\u00f6r olsun, bas\u0131n\u00e7l\u0131 havan\u0131n kayna\u011f\u0131, ortamdaki havad\u0131r. Bu y\u00fczden ortam ko\u015fullar\u0131 hava debisi \u00fczerinde olduk\u00e7a etkili bir fakt\u00f6rd\u00fcr. Emilen havan\u0131n olduk\u00e7a serin olmas\u0131 gerekirken, aksi halde kompres\u00f6r odas\u0131n\u0131n \u0131s\u0131s\u0131 olduk\u00e7a y\u00fcksek de\u011ferlere ula\u015farak verimlili\u011fi d\u00fc\u015f\u00fcrebilir.<\/p>\n\n\n\n<ul class=\"wp-block-list\"><li><strong>Kompres\u00f6rden \u0131s\u0131 yoluyla enerji geri kazan\u0131m\u0131<\/strong><\/li><\/ul>\n\n\n\n<p>Kompres\u00f6rde kullan\u0131lan enerjinin %80\u2019den fazlas\u0131n\u0131n at\u0131k \u0131s\u0131 olarak d\u0131\u015far\u0131 at\u0131ld\u0131\u011f\u0131 d\u00fc\u015f\u00fcn\u00fcld\u00fc\u011f\u00fcnde, bunu geri kazanmak verimlilikte kayda de\u011fer bir art\u0131\u015fa neden olabilir. At\u0131k \u0131s\u0131 geri kazan\u0131ld\u0131\u011f\u0131nda, di\u011fer i\u015fletme b\u00f6l\u00fcmlerindeki ortam\u0131n veya suyun \u0131s\u0131t\u0131lmas\u0131n\u0131 \u00fccretsiz olarak sa\u011flayabilir.<\/p>\n\n\n\n<figure class=\"wp-block-image size-large\"><img loading=\"lazy\" decoding=\"async\" width=\"1024\" height=\"724\" src=\"https:\/\/tahasservis.com\/wp-content\/uploads\/2022\/02\/hava-kompresor-verimi-nasil-arttirilir-1-1024x724.jpg\" alt=\"hava-kompresor-verimi-nasil-arttirilir-1\" class=\"wp-image-2348\" srcset=\"https:\/\/tahasservis.com\/wp-content\/uploads\/2022\/02\/hava-kompresor-verimi-nasil-arttirilir-1-1024x724.jpg 1024w, https:\/\/tahasservis.com\/wp-content\/uploads\/2022\/02\/hava-kompresor-verimi-nasil-arttirilir-1-300x212.jpg 300w, https:\/\/tahasservis.com\/wp-content\/uploads\/2022\/02\/hava-kompresor-verimi-nasil-arttirilir-1-768x543.jpg 768w, https:\/\/tahasservis.com\/wp-content\/uploads\/2022\/02\/hava-kompresor-verimi-nasil-arttirilir-1-1536x1086.jpg 1536w, https:\/\/tahasservis.com\/wp-content\/uploads\/2022\/02\/hava-kompresor-verimi-nasil-arttirilir-1-2048x1448.jpg 2048w, https:\/\/tahasservis.com\/wp-content\/uploads\/2022\/02\/hava-kompresor-verimi-nasil-arttirilir-1-18x12.jpg 18w, https:\/\/tahasservis.com\/wp-content\/uploads\/2022\/02\/hava-kompresor-verimi-nasil-arttirilir-1-1200x848.jpg 1200w\" sizes=\"auto, (max-width: 1024px) 100vw, 1024px\" \/><\/figure>\n\n\n\n<h3 class=\"wp-block-heading\">2. <strong>Kompres\u00f6r\u00fcn Konumland\u0131r\u0131lmas\u0131 ve Ta\u015f\u0131nmas\u0131nda Verimlilik<\/strong><\/h3>\n\n\n\n<p>\u00d6l\u00e7\u00fcmler ile belirlenen hava kalitesinin kompres\u00f6r\u00fcn verimlili\u011fi a\u00e7\u0131s\u0131ndan de\u011feri b\u00fcy\u00fckt\u00fcr. Hava kalitesi \u015fu a\u015famalarla sa\u011flanabilir;&nbsp;<\/p>\n\n\n\n<ul class=\"wp-block-list\"><li><strong>Filtrelerde enerji verimlili\u011fi<\/strong><\/li><\/ul>\n\n\n\n<p>De\u011fi\u015ftirilmesi gereken hava filtreleri de\u011fi\u015ftirilmedi\u011fi zaman t\u0131kan\u0131kl\u0131\u011fa neden olarak <a href=\"https:\/\/tahasservis.com\/en\/yagli-vidali-kompresorler\/\" target=\"_blank\" rel=\"noreferrer noopener\">hava kompres\u00f6r\u00fc<\/a> verimlili\u011fini d\u00fc\u015f\u00fcr\u00fcr. B\u00f6ylelikle daha fazla enerji yak\u0131lmas\u0131na neden olur. Ayr\u0131ca b\u00fcy\u00fck ar\u0131zalara neden olarak daha b\u00fcy\u00fck bir gider kalemi olu\u015fturabilir.<\/p>\n\n\n\n<ul class=\"wp-block-list\"><li><strong>Hava kurutucularda enerji verimlili\u011fi<\/strong><\/li><\/ul>\n\n\n\n<p>Havadaki nemin, hava kalitesi \u00fczerindeki etkisi g\u00f6z \u00f6n\u00fcne al\u0131nd\u0131\u011f\u0131nda, gerekli hava kurutucu ekipmanlar\u0131n\u0131n se\u00e7ilmesi kompres\u00f6r verimlili\u011fini art\u0131rabilir. Bu y\u00fczden bas\u0131n\u00e7l\u0131 hava sistemine ve ihtiya\u00e7 olan hava kalitesine uygun kurutucular se\u00e7ilmelidir.&nbsp;<\/p>\n\n\n\n<ul class=\"wp-block-list\"><li><strong>Hava hatt\u0131nda enerji verimlili\u011fi<\/strong><\/li><\/ul>\n\n\n\n<p>Kompres\u00f6r\u00fcn hatt\u0131n\u0131n \u00e7ap\u0131n\u0131n ne oldu\u011fu ve s\u00fcrt\u00fcnme katsay\u0131s\u0131, hatt\u0131n bas\u0131nc\u0131 ne kadar tutaca\u011f\u0131n\u0131 etkileyen fakt\u00f6rlerdir. Dolay\u0131s\u0131yla do\u011fru boyutland\u0131r\u0131lmad\u0131\u011f\u0131nda ciddi verimlilik d\u00fc\u015f\u00fc\u015f\u00fcne neden olabilir.<\/p>\n\n\n\n<h3 class=\"wp-block-heading\">3. <strong>Bas\u0131n\u00e7l\u0131 Hava T\u00fcketiminde Enerji Verimlili\u011fi<\/strong><\/h3>\n\n\n\n<p>Bas\u0131n\u00e7l\u0131 hava kullan\u0131lacak ekipmana uygun bir <strong>hava kompres\u00f6r\u00fc<\/strong> se\u00e7imi, bas\u0131n\u00e7l\u0131 havan\u0131n verimli olarak t\u00fcketilmesini sa\u011flar. Dolay\u0131s\u0131yla hem yat\u0131r\u0131m maliyetini hem de kullan\u0131lan enerjiden tasarruf ettirebilir.<strong>&nbsp;<\/strong><\/p>\n\n\n\n<h3 class=\"wp-block-heading\">4. <strong>Bas\u0131n\u00e7l\u0131 Hava Ka\u00e7aklar\u0131 ve Maliyetinin Y\u00f6netilmesi<\/strong><\/h3>\n\n\n\n<p>Her ne kadar do\u011fru konumland\u0131r\u0131lm\u0131\u015f olursa olsun bas\u0131n\u00e7l\u0131 hava hatlar\u0131nda ka\u00e7aklar ka\u00e7\u0131n\u0131lmazd\u0131r. Bu ka\u00e7aklar\u0131n periyodik kontrollerle tespit edilmesi ve giderilmesi ise kompres\u00f6r verimlili\u011finde kayda de\u011fer bir art\u0131\u015f sa\u011flar.<\/p>\n\n\n\n<p>\u015eayet sizde gerek \u00e7evresel etkileri, gerekse i\u015fletme maliyetlerini d\u00fc\u015f\u00fcrmek i\u00e7in kompres\u00f6r\u00fcn\u00fcz\u00fcn verimini art\u0131rmak istiyorsan\u0131z <a href=\"https:\/\/tahasservis.com\/en\/\">TAHA\u015e SERV\u0130S<\/a>&nbsp;web sitesini ziyaret edebilir, verimlili\u011fi nas\u0131l art\u0131rabilece\u011finize dair bilgi alabilirsiniz. Ayr\u0131ca mevcut kompres\u00f6r\u00fcn\u00fcz ile ilgili ya\u015fad\u0131\u011f\u0131n\u0131z sorunlara b\u00fct\u00fcnc\u00fcl bir bak\u0131\u015f a\u00e7\u0131s\u0131yla de\u011ferlendirme yap\u0131lmas\u0131 i\u00e7in randevu olu\u015fturabilirsiniz. Havan\u0131n ve enerjinin son noktas\u0131na kadar tasarruf edebilmenize yard\u0131mc\u0131 olabilecek \u00e7\u00f6z\u00fcmlere dair g\u00fcncellenen&nbsp;<a href=\"https:\/\/tahasservis.com\/en\/blog\/\">BLOG<\/a>&nbsp;sayfam\u0131zdan bilgi edinebilir, \u00f6nemli oranlarda tasarruf edebilirsiniz.&nbsp;<\/p>","protected":false},"excerpt":{"rendered":"<p>G\u00fcn\u00fcm\u00fczde ekonomik dengelerin de\u011fi\u015fmesi ile i\u015fletmeler aras\u0131ndaki rekabet olduk\u00e7a y\u00fckselmeye ba\u015flam\u0131\u015ft\u0131r. Bir\u00e7ok kalem gibi i\u015fletmelerin maliyetlerini azaltmas\u0131 i\u00e7in enerji tasarrufunu da g\u00f6z \u00f6n\u00fcne almalar\u0131 gerekmektedir. Bir\u00e7ok firma i\u00e7in bas\u0131n\u00e7l\u0131 hava sistemi ihtiyac\u0131 zorunluluk halindedir.&nbsp; Bu nedenle bas\u0131n\u00e7l\u0131 hava sistemlerinin verimli kullan\u0131lacak hale getirilmesi \u00f6nemlilik arz etmektedir. Bu yaz\u0131m\u0131zda hava kompres\u00f6r\u00fc kullanan i\u015fletmeler i\u00e7in hava kompres\u00f6r\u00fc [&hellip;]<\/p>","protected":false},"author":3,"featured_media":2347,"comment_status":"open","ping_status":"open","sticky":false,"template":"","format":"standard","meta":{"footnotes":""},"categories":[1,86],"tags":[],"class_list":["post-2346","post","type-post","status-publish","format-standard","has-post-thumbnail","hentry","category-genel","category-kompresorler"],"yoast_head":"<!-- This site is optimized with the Yoast SEO Premium plugin v16.1 (Yoast SEO v25.6) - https:\/\/yoast.com\/wordpress\/plugins\/seo\/ -->\n<title>Hava Kompres\u00f6r Verimi Nas\u0131l Artt\u0131r\u0131l\u0131r? - Taha\u015f Servis<\/title>\n<meta name=\"description\" content=\"Hava kompres\u00f6r\u00fc verimlili\u011fini analiz etmenin farkl\u0131 yollar\u0131 bulunurken, bunlar d\u00f6rt a\u015famada incelenebilir.\" \/>\n<meta name=\"robots\" content=\"index, follow, max-snippet:-1, max-image-preview:large, max-video-preview:-1\" \/>\n<link rel=\"canonical\" href=\"https:\/\/tahasservis.com\/en\/hava-kompresor-verimi-nasil-arttirilir\/\" \/>\n<meta property=\"og:locale\" content=\"en_US\" \/>\n<meta property=\"og:type\" content=\"article\" \/>\n<meta property=\"og:title\" content=\"Hava Kompres\u00f6r Verimi Nas\u0131l Artt\u0131r\u0131l\u0131r? - Taha\u015f Servis\" \/>\n<meta property=\"og:description\" content=\"Hava kompres\u00f6r\u00fc verimlili\u011fini analiz etmenin farkl\u0131 yollar\u0131 bulunurken, bunlar d\u00f6rt a\u015famada incelenebilir.\" \/>\n<meta property=\"og:url\" content=\"https:\/\/tahasservis.com\/en\/hava-kompresor-verimi-nasil-arttirilir\/\" \/>\n<meta property=\"og:site_name\" content=\"Taha\u015f Servis\" \/>\n<meta property=\"article:published_time\" content=\"2022-02-28T08:37:27+00:00\" \/>\n<meta property=\"article:modified_time\" content=\"2022-03-17T12:23:23+00:00\" \/>\n<meta property=\"og:image\" content=\"https:\/\/tahasservis.com\/wp-content\/uploads\/2022\/02\/hava-kompresor-verimi-nasil-arttirilir-scaled.jpg\" \/>\n\t<meta property=\"og:image:width\" content=\"2560\" \/>\n\t<meta property=\"og:image:height\" content=\"1810\" \/>\n\t<meta property=\"og:image:type\" content=\"image\/jpeg\" \/>\n<meta name=\"author\" content=\"tahas-yonetim\" \/>\n<meta name=\"twitter:card\" content=\"summary_large_image\" \/>\n<meta name=\"twitter:label1\" content=\"Written by\" \/>\n\t<meta name=\"twitter:data1\" content=\"tahas-yonetim\" \/>\n\t<meta name=\"twitter:label2\" content=\"Est. reading time\" \/>\n\t<meta name=\"twitter:data2\" content=\"5 minutes\" \/>\n<script type=\"application\/ld+json\" class=\"yoast-schema-graph\">{\"@context\":\"https:\/\/schema.org\",\"@graph\":[{\"@type\":\"Article\",\"@id\":\"https:\/\/tahasservis.com\/hava-kompresor-verimi-nasil-arttirilir\/#article\",\"isPartOf\":{\"@id\":\"https:\/\/tahasservis.com\/hava-kompresor-verimi-nasil-arttirilir\/\"},\"author\":{\"name\":\"tahas-yonetim\",\"@id\":\"https:\/\/tahasservis.com\/#\/schema\/person\/dcc8e69a1a683906b597f6df39e4cf30\"},\"headline\":\"Hava Kompres\u00f6r Verimi Nas\u0131l Artt\u0131r\u0131l\u0131r?\",\"datePublished\":\"2022-02-28T08:37:27+00:00\",\"dateModified\":\"2022-03-17T12:23:23+00:00\",\"mainEntityOfPage\":{\"@id\":\"https:\/\/tahasservis.com\/hava-kompresor-verimi-nasil-arttirilir\/\"},\"wordCount\":1128,\"commentCount\":0,\"publisher\":{\"@id\":\"https:\/\/tahasservis.com\/#organization\"},\"image\":{\"@id\":\"https:\/\/tahasservis.com\/hava-kompresor-verimi-nasil-arttirilir\/#primaryimage\"},\"thumbnailUrl\":\"https:\/\/tahasservis.com\/wp-content\/uploads\/2022\/02\/hava-kompresor-verimi-nasil-arttirilir-scaled.jpg\",\"articleSection\":[\"Genel\",\"Kompres\u00f6rler\"],\"inLanguage\":\"en-US\"},{\"@type\":\"WebPage\",\"@id\":\"https:\/\/tahasservis.com\/hava-kompresor-verimi-nasil-arttirilir\/\",\"url\":\"https:\/\/tahasservis.com\/hava-kompresor-verimi-nasil-arttirilir\/\",\"name\":\"Hava Kompres\u00f6r Verimi Nas\u0131l Artt\u0131r\u0131l\u0131r? - Taha\u015f Servis\",\"isPartOf\":{\"@id\":\"https:\/\/tahasservis.com\/#website\"},\"primaryImageOfPage\":{\"@id\":\"https:\/\/tahasservis.com\/hava-kompresor-verimi-nasil-arttirilir\/#primaryimage\"},\"image\":{\"@id\":\"https:\/\/tahasservis.com\/hava-kompresor-verimi-nasil-arttirilir\/#primaryimage\"},\"thumbnailUrl\":\"https:\/\/tahasservis.com\/wp-content\/uploads\/2022\/02\/hava-kompresor-verimi-nasil-arttirilir-scaled.jpg\",\"datePublished\":\"2022-02-28T08:37:27+00:00\",\"dateModified\":\"2022-03-17T12:23:23+00:00\",\"description\":\"Hava kompres\u00f6r\u00fc verimlili\u011fini analiz etmenin farkl\u0131 yollar\u0131 bulunurken, bunlar d\u00f6rt a\u015famada incelenebilir.\",\"breadcrumb\":{\"@id\":\"https:\/\/tahasservis.com\/hava-kompresor-verimi-nasil-arttirilir\/#breadcrumb\"},\"inLanguage\":\"en-US\",\"potentialAction\":[{\"@type\":\"ReadAction\",\"target\":[\"https:\/\/tahasservis.com\/hava-kompresor-verimi-nasil-arttirilir\/\"]}]},{\"@type\":\"ImageObject\",\"inLanguage\":\"en-US\",\"@id\":\"https:\/\/tahasservis.com\/hava-kompresor-verimi-nasil-arttirilir\/#primaryimage\",\"url\":\"https:\/\/tahasservis.com\/wp-content\/uploads\/2022\/02\/hava-kompresor-verimi-nasil-arttirilir-scaled.jpg\",\"contentUrl\":\"https:\/\/tahasservis.com\/wp-content\/uploads\/2022\/02\/hava-kompresor-verimi-nasil-arttirilir-scaled.jpg\",\"width\":2560,\"height\":1810,\"caption\":\"hava-kompresor-verimi-nasil-arttirilir\"},{\"@type\":\"BreadcrumbList\",\"@id\":\"https:\/\/tahasservis.com\/hava-kompresor-verimi-nasil-arttirilir\/#breadcrumb\",\"itemListElement\":[{\"@type\":\"ListItem\",\"position\":1,\"name\":\"Home\",\"item\":\"https:\/\/tahasservis.com\/\"},{\"@type\":\"ListItem\",\"position\":2,\"name\":\"Hava Kompres\u00f6r Verimi Nas\u0131l Artt\u0131r\u0131l\u0131r?\"}]},{\"@type\":\"WebSite\",\"@id\":\"https:\/\/tahasservis.com\/#website\",\"url\":\"https:\/\/tahasservis.com\/\",\"name\":\"Taha\u015f Servis\",\"description\":\"Taha\u015f Tazyikli Hava Servisi A.\u015e\",\"publisher\":{\"@id\":\"https:\/\/tahasservis.com\/#organization\"},\"potentialAction\":[{\"@type\":\"SearchAction\",\"target\":{\"@type\":\"EntryPoint\",\"urlTemplate\":\"https:\/\/tahasservis.com\/?s={search_term_string}\"},\"query-input\":{\"@type\":\"PropertyValueSpecification\",\"valueRequired\":true,\"valueName\":\"search_term_string\"}}],\"inLanguage\":\"en-US\"},{\"@type\":\"Organization\",\"@id\":\"https:\/\/tahasservis.com\/#organization\",\"name\":\"TAHA\u015e SERV\u0130S\",\"url\":\"https:\/\/tahasservis.com\/\",\"logo\":{\"@type\":\"ImageObject\",\"inLanguage\":\"en-US\",\"@id\":\"https:\/\/tahasservis.com\/#\/schema\/logo\/image\/\",\"url\":\"https:\/\/tahasservis.com\/wp-content\/uploads\/2020\/12\/cropped-Tahas_Logo.png\",\"contentUrl\":\"https:\/\/tahasservis.com\/wp-content\/uploads\/2020\/12\/cropped-Tahas_Logo.png\",\"width\":512,\"height\":512,\"caption\":\"TAHA\u015e SERV\u0130S\"},\"image\":{\"@id\":\"https:\/\/tahasservis.com\/#\/schema\/logo\/image\/\"}},{\"@type\":\"Person\",\"@id\":\"https:\/\/tahasservis.com\/#\/schema\/person\/dcc8e69a1a683906b597f6df39e4cf30\",\"name\":\"tahas-yonetim\",\"image\":{\"@type\":\"ImageObject\",\"inLanguage\":\"en-US\",\"@id\":\"https:\/\/tahasservis.com\/#\/schema\/person\/image\/\",\"url\":\"https:\/\/secure.gravatar.com\/avatar\/ed78e5bd60b15c34eb09a92a753042c8c007ea7e517e148043543031cb0acebb?s=96&d=mm&r=g\",\"contentUrl\":\"https:\/\/secure.gravatar.com\/avatar\/ed78e5bd60b15c34eb09a92a753042c8c007ea7e517e148043543031cb0acebb?s=96&d=mm&r=g\",\"caption\":\"tahas-yonetim\"}}]}<\/script>\n<!-- \/ Yoast SEO Premium plugin. -->","yoast_head_json":{"title":"Hava Kompres\u00f6r Verimi Nas\u0131l Artt\u0131r\u0131l\u0131r? - Taha\u015f Servis","description":"Hava kompres\u00f6r\u00fc verimlili\u011fini analiz etmenin farkl\u0131 yollar\u0131 bulunurken, bunlar d\u00f6rt a\u015famada incelenebilir.","robots":{"index":"index","follow":"follow","max-snippet":"max-snippet:-1","max-image-preview":"max-image-preview:large","max-video-preview":"max-video-preview:-1"},"canonical":"https:\/\/tahasservis.com\/en\/hava-kompresor-verimi-nasil-arttirilir\/","og_locale":"en_US","og_type":"article","og_title":"Hava Kompres\u00f6r Verimi Nas\u0131l Artt\u0131r\u0131l\u0131r? - Taha\u015f Servis","og_description":"Hava kompres\u00f6r\u00fc verimlili\u011fini analiz etmenin farkl\u0131 yollar\u0131 bulunurken, bunlar d\u00f6rt a\u015famada incelenebilir.","og_url":"https:\/\/tahasservis.com\/en\/hava-kompresor-verimi-nasil-arttirilir\/","og_site_name":"Taha\u015f Servis","article_published_time":"2022-02-28T08:37:27+00:00","article_modified_time":"2022-03-17T12:23:23+00:00","og_image":[{"width":2560,"height":1810,"url":"https:\/\/tahasservis.com\/wp-content\/uploads\/2022\/02\/hava-kompresor-verimi-nasil-arttirilir-scaled.jpg","type":"image\/jpeg"}],"author":"tahas-yonetim","twitter_card":"summary_large_image","twitter_misc":{"Written by":"tahas-yonetim","Est. reading time":"5 minutes"},"schema":{"@context":"https:\/\/schema.org","@graph":[{"@type":"Article","@id":"https:\/\/tahasservis.com\/hava-kompresor-verimi-nasil-arttirilir\/#article","isPartOf":{"@id":"https:\/\/tahasservis.com\/hava-kompresor-verimi-nasil-arttirilir\/"},"author":{"name":"tahas-yonetim","@id":"https:\/\/tahasservis.com\/#\/schema\/person\/dcc8e69a1a683906b597f6df39e4cf30"},"headline":"Hava Kompres\u00f6r Verimi Nas\u0131l Artt\u0131r\u0131l\u0131r?","datePublished":"2022-02-28T08:37:27+00:00","dateModified":"2022-03-17T12:23:23+00:00","mainEntityOfPage":{"@id":"https:\/\/tahasservis.com\/hava-kompresor-verimi-nasil-arttirilir\/"},"wordCount":1128,"commentCount":0,"publisher":{"@id":"https:\/\/tahasservis.com\/#organization"},"image":{"@id":"https:\/\/tahasservis.com\/hava-kompresor-verimi-nasil-arttirilir\/#primaryimage"},"thumbnailUrl":"https:\/\/tahasservis.com\/wp-content\/uploads\/2022\/02\/hava-kompresor-verimi-nasil-arttirilir-scaled.jpg","articleSection":["Genel","Kompres\u00f6rler"],"inLanguage":"en-US"},{"@type":"WebPage","@id":"https:\/\/tahasservis.com\/hava-kompresor-verimi-nasil-arttirilir\/","url":"https:\/\/tahasservis.com\/hava-kompresor-verimi-nasil-arttirilir\/","name":"Hava Kompres\u00f6r Verimi Nas\u0131l Artt\u0131r\u0131l\u0131r? - Taha\u015f Servis","isPartOf":{"@id":"https:\/\/tahasservis.com\/#website"},"primaryImageOfPage":{"@id":"https:\/\/tahasservis.com\/hava-kompresor-verimi-nasil-arttirilir\/#primaryimage"},"image":{"@id":"https:\/\/tahasservis.com\/hava-kompresor-verimi-nasil-arttirilir\/#primaryimage"},"thumbnailUrl":"https:\/\/tahasservis.com\/wp-content\/uploads\/2022\/02\/hava-kompresor-verimi-nasil-arttirilir-scaled.jpg","datePublished":"2022-02-28T08:37:27+00:00","dateModified":"2022-03-17T12:23:23+00:00","description":"Hava kompres\u00f6r\u00fc verimlili\u011fini analiz etmenin farkl\u0131 yollar\u0131 bulunurken, bunlar d\u00f6rt a\u015famada incelenebilir.","breadcrumb":{"@id":"https:\/\/tahasservis.com\/hava-kompresor-verimi-nasil-arttirilir\/#breadcrumb"},"inLanguage":"en-US","potentialAction":[{"@type":"ReadAction","target":["https:\/\/tahasservis.com\/hava-kompresor-verimi-nasil-arttirilir\/"]}]},{"@type":"ImageObject","inLanguage":"en-US","@id":"https:\/\/tahasservis.com\/hava-kompresor-verimi-nasil-arttirilir\/#primaryimage","url":"https:\/\/tahasservis.com\/wp-content\/uploads\/2022\/02\/hava-kompresor-verimi-nasil-arttirilir-scaled.jpg","contentUrl":"https:\/\/tahasservis.com\/wp-content\/uploads\/2022\/02\/hava-kompresor-verimi-nasil-arttirilir-scaled.jpg","width":2560,"height":1810,"caption":"hava-kompresor-verimi-nasil-arttirilir"},{"@type":"BreadcrumbList","@id":"https:\/\/tahasservis.com\/hava-kompresor-verimi-nasil-arttirilir\/#breadcrumb","itemListElement":[{"@type":"ListItem","position":1,"name":"Home","item":"https:\/\/tahasservis.com\/"},{"@type":"ListItem","position":2,"name":"Hava Kompres\u00f6r Verimi Nas\u0131l Artt\u0131r\u0131l\u0131r?"}]},{"@type":"WebSite","@id":"https:\/\/tahasservis.com\/#website","url":"https:\/\/tahasservis.com\/","name":"Taha\u015f Servis","description":"Taha\u015f Tazyikli Hava Servisi A.\u015e","publisher":{"@id":"https:\/\/tahasservis.com\/#organization"},"potentialAction":[{"@type":"SearchAction","target":{"@type":"EntryPoint","urlTemplate":"https:\/\/tahasservis.com\/?s={search_term_string}"},"query-input":{"@type":"PropertyValueSpecification","valueRequired":true,"valueName":"search_term_string"}}],"inLanguage":"en-US"},{"@type":"Organization","@id":"https:\/\/tahasservis.com\/#organization","name":"TAHA\u015e SERV\u0130S","url":"https:\/\/tahasservis.com\/","logo":{"@type":"ImageObject","inLanguage":"en-US","@id":"https:\/\/tahasservis.com\/#\/schema\/logo\/image\/","url":"https:\/\/tahasservis.com\/wp-content\/uploads\/2020\/12\/cropped-Tahas_Logo.png","contentUrl":"https:\/\/tahasservis.com\/wp-content\/uploads\/2020\/12\/cropped-Tahas_Logo.png","width":512,"height":512,"caption":"TAHA\u015e SERV\u0130S"},"image":{"@id":"https:\/\/tahasservis.com\/#\/schema\/logo\/image\/"}},{"@type":"Person","@id":"https:\/\/tahasservis.com\/#\/schema\/person\/dcc8e69a1a683906b597f6df39e4cf30","name":"tahas-yonetim","image":{"@type":"ImageObject","inLanguage":"en-US","@id":"https:\/\/tahasservis.com\/#\/schema\/person\/image\/","url":"https:\/\/secure.gravatar.com\/avatar\/ed78e5bd60b15c34eb09a92a753042c8c007ea7e517e148043543031cb0acebb?s=96&d=mm&r=g","contentUrl":"https:\/\/secure.gravatar.com\/avatar\/ed78e5bd60b15c34eb09a92a753042c8c007ea7e517e148043543031cb0acebb?s=96&d=mm&r=g","caption":"tahas-yonetim"}}]}},"_links":{"self":[{"href":"https:\/\/tahasservis.com\/en\/wp-json\/wp\/v2\/posts\/2346","targetHints":{"allow":["GET"]}}],"collection":[{"href":"https:\/\/tahasservis.com\/en\/wp-json\/wp\/v2\/posts"}],"about":[{"href":"https:\/\/tahasservis.com\/en\/wp-json\/wp\/v2\/types\/post"}],"author":[{"embeddable":true,"href":"https:\/\/tahasservis.com\/en\/wp-json\/wp\/v2\/users\/3"}],"replies":[{"embeddable":true,"href":"https:\/\/tahasservis.com\/en\/wp-json\/wp\/v2\/comments?post=2346"}],"version-history":[{"count":0,"href":"https:\/\/tahasservis.com\/en\/wp-json\/wp\/v2\/posts\/2346\/revisions"}],"wp:featuredmedia":[{"embeddable":true,"href":"https:\/\/tahasservis.com\/en\/wp-json\/wp\/v2\/media\/2347"}],"wp:attachment":[{"href":"https:\/\/tahasservis.com\/en\/wp-json\/wp\/v2\/media?parent=2346"}],"wp:term":[{"taxonomy":"category","embeddable":true,"href":"https:\/\/tahasservis.com\/en\/wp-json\/wp\/v2\/categories?post=2346"},{"taxonomy":"post_tag","embeddable":true,"href":"https:\/\/tahasservis.com\/en\/wp-json\/wp\/v2\/tags?post=2346"}],"curies":[{"name":"wp","href":"https:\/\/api.w.org\/{rel}","templated":true}]}}