{"id":2419,"date":"2022-03-28T15:06:08","date_gmt":"2022-03-28T15:06:08","guid":{"rendered":"https:\/\/tahasservis.com\/?p=2419"},"modified":"2022-03-28T15:06:10","modified_gmt":"2022-03-28T15:06:10","slug":"hava-kompresorleri-hangi-sektorlerde-kullanilir","status":"publish","type":"post","link":"https:\/\/tahasservis.com\/en\/hava-kompresorleri-hangi-sektorlerde-kullanilir\/","title":{"rendered":"Hava Kompres\u00f6rleri Hangi Sekt\u00f6rlerde Kullan\u0131l\u0131r?"},"content":{"rendered":"<p>G\u00fcn\u00fcm\u00fcz ya\u015fam\u0131nda bas\u0131n\u00e7l\u0131 hava kompres\u00f6rleri vazge\u00e7ilmez bir ara\u00e7 stat\u00fcs\u00fcndedir. \u00c7\u00fcnk\u00fc g\u0131da sekt\u00f6r\u00fcnden, ila\u00e7 end\u00fcstrisine, ula\u015f\u0131mdan, \u00fcretim s\u00fcre\u00e7lerine kadar hemen hemen her sekt\u00f6r ve alanda zorunlu bir ihtiya\u00e7t\u0131r. Mesela en basitinden metroda kap\u0131lar\u0131n a\u00e7\u0131l\u0131p-kapanmas\u0131n\u0131 sa\u011flarken, ula\u015f\u0131m\u0131n mihenk ta\u015f\u0131 olan lastikler bas\u0131n\u00e7l\u0131 hava ile doldurulur. Ya da g\u0131da sekt\u00f6r\u00fcnde raf \u00f6mr\u00fcn\u00fcn uzat\u0131lmas\u0131nda etkin bir \u00e7\u00f6z\u00fcm olan paketleme bas\u0131n\u00e7l\u0131 hava ile yap\u0131l\u0131r. Bas\u0131n\u00e7l\u0131 hava kompres\u00f6rleri, \u00fcretim s\u00fcre\u00e7lerinin h\u0131zlanmas\u0131 sa\u011flarken, fiziksel zorluk gerektiren i\u015flerde emek ihtiyac\u0131n\u0131 azalt\u0131r. Hemen hemen her sekt\u00f6rde kullan\u0131lan bas\u0131n\u00e7l\u0131 hava<strong> <\/strong>kompres\u00f6r\u00fc ve filtreleme sistemi ise i\u015fletmenin ihtiyac\u0131 g\u00f6re de\u011fi\u015fir.\u00a0\u00a0<\/p>\n\n\n\n<h2 class=\"wp-block-heading\"><strong>Hava Kompres\u00f6r\u00fc Gerektiren Sekt\u00f6rler<\/strong><\/h2>\n\n\n\n<p>\u0130\u015fletmede h\u0131z, hassasiyet ve \u00fcretkenli\u011fi art\u0131ran hava kompres\u00f6r\u00fc, modern toplumun vazge\u00e7ilmezidir. Kullan\u0131m alan\u0131 ise at\u00f6lyelerden, b\u00fcy\u00fck i\u015fletmelere, kendin yap projelerinden bireysel \u00e7ift\u00e7ilere kadar s\u0131n\u0131rs\u0131zd\u0131r. Gereksinimleri ve talepleri do\u011frultusunda de\u011fi\u015fen i\u015fletme standartlar\u0131 ise kompre\u00f6sr se\u00e7imini etkileyen en \u00f6nemli kriterdir. Mesela baz\u0131 i\u015fletmeler vidal\u0131 kompres\u00f6r<strong> <\/strong>ile hedefledikleri performans\u0131 yakalarken, bir di\u011feri i\u00e7in pistonlu modeller yeterlidir.&nbsp;<\/p>\n\n\n\n<p>\u0130\u015fletmenin kapasitesine g\u00f6re tek bir kompres\u00f6r yetebilece\u011fi gibi, birbirine ba\u011fl\u0131 birka\u00e7 hava kompres\u00f6r\u00fc ihtiyac\u0131 olan i\u015fletmelerde vard\u0131r. Bunun yan\u0131nda ihtiya\u00e7 duyulan bas\u0131n\u00e7l\u0131 havan\u0131n t\u00fcr\u00fc, nihai \u00fcr\u00fcn\u00fcn \u00e7e\u015fidine g\u00f6re de\u011fi\u015fir. Mesela hava kalitesinin \u00e7ok \u00f6nemli oldu\u011fu sekt\u00f6rler de genelde ya\u011fs\u0131z kompres\u00f6rler tercih edilmektedir. Bunun yan\u0131nda kompres\u00f6rler, at\u00f6lye tarz\u0131 k\u00fc\u00e7\u00fck i\u015fletmelerde de olduk\u00e7a s\u0131k kullan\u0131lan bir ara\u00e7 olmas\u0131yla daha da \u00f6nemli bir ara\u00e7 haline gelmi\u015ftir. Ancak bas\u0131n\u00e7l\u0131 hava, imalat, a\u011fa\u00e7 i\u015fleme, tekstil ve otomotiv gibi \u00fclke end\u00fcstrisinde \u00f6nemli rol oynayan sekt\u00f6rlerde adeta i\u015fletmenin bel kemi\u011fidir.&nbsp;<\/p>\n\n\n\n<figure class=\"wp-block-image size-large\"><img loading=\"lazy\" decoding=\"async\" width=\"1024\" height=\"724\" src=\"https:\/\/tahasservis.com\/wp-content\/uploads\/2022\/03\/Hava-Kompresorleri-Hangi-Sektorlerde-Kullanilir-yaziici-1024x724.jpg\" alt=\"\" class=\"wp-image-2421\" srcset=\"https:\/\/tahasservis.com\/wp-content\/uploads\/2022\/03\/Hava-Kompresorleri-Hangi-Sektorlerde-Kullanilir-yaziici-1024x724.jpg 1024w, https:\/\/tahasservis.com\/wp-content\/uploads\/2022\/03\/Hava-Kompresorleri-Hangi-Sektorlerde-Kullanilir-yaziici-300x212.jpg 300w, https:\/\/tahasservis.com\/wp-content\/uploads\/2022\/03\/Hava-Kompresorleri-Hangi-Sektorlerde-Kullanilir-yaziici-768x543.jpg 768w, https:\/\/tahasservis.com\/wp-content\/uploads\/2022\/03\/Hava-Kompresorleri-Hangi-Sektorlerde-Kullanilir-yaziici-1536x1086.jpg 1536w, https:\/\/tahasservis.com\/wp-content\/uploads\/2022\/03\/Hava-Kompresorleri-Hangi-Sektorlerde-Kullanilir-yaziici-2048x1448.jpg 2048w, https:\/\/tahasservis.com\/wp-content\/uploads\/2022\/03\/Hava-Kompresorleri-Hangi-Sektorlerde-Kullanilir-yaziici-18x12.jpg 18w, https:\/\/tahasservis.com\/wp-content\/uploads\/2022\/03\/Hava-Kompresorleri-Hangi-Sektorlerde-Kullanilir-yaziici-1200x848.jpg 1200w\" sizes=\"auto, (max-width: 1024px) 100vw, 1024px\" \/><\/figure>\n\n\n\n<h2 class=\"wp-block-heading\"><strong>Sekt\u00f6rlere G\u00f6re Hava Kompres\u00f6r\u00fc \u0130htiyac\u0131<\/strong><\/h2>\n\n\n\n<p>\u0130\u015f verimini art\u0131rma da \u00f6nemli bir rol oynayan hava kompres\u00f6rleri, kullan\u0131m alan\u0131n\u0131n s\u0131n\u0131rs\u0131zl\u0131\u011f\u0131ndan dolay\u0131 s\u00fcrekli geli\u015ftirilen ara\u00e7lard\u0131r. Her sekt\u00f6r veya kullan\u0131c\u0131n\u0131n ihtiya\u00e7lar\u0131n\u0131 kar\u015f\u0131lamak ad\u0131na s\u00fcrekli geli\u015fen bu alan, model, kalite, filtre, nihai hava kalitesi ve mekanik \u00f6zelliklerine g\u00f6re farkl\u0131 opsiyonlar i\u00e7erir. Kendine has \u00f6zellikleri bulunan her model, benzersiz&nbsp; avantajlar sunar. Sekt\u00f6rlere g\u00f6re hava kompres\u00f6r\u00fc ihtiyac\u0131 genel anlamda \u015fu \u015fekilde \u015fekillenir;&nbsp;<\/p>\n\n\n\n<h3 class=\"wp-block-heading\"><strong>\u00dcretim Sekt\u00f6r\u00fc<\/strong><\/h3>\n\n\n\n<p>\u0130malat sekt\u00f6r\u00fcnde bas\u0131n\u00e7l\u0131 hava, ayn\u0131 elektrik ve su gibi zorunlu bir ihtiya\u00e7t\u0131r. Manuel \u00e7al\u0131\u015ft\u0131r\u0131lan ya da otomasyona ge\u00e7mi\u015f imalat a\u015famalar\u0131nda hava kompres\u00f6r\u00fc, \u00fcretimin daha seri \u015fekilde yap\u0131lmas\u0131n\u0131 sa\u011flar. Daha pratik ve insan g\u00fcc\u00fcne daha az ihtiya\u00e7 duymas\u0131 sayesinde ise hem zamandan hem de emekten tasarruf ettirir. \u0130malat sekt\u00f6r\u00fcnde ay\u0131rma, temizleme, kesim, enjekte etme, kar\u0131\u015ft\u0131rma, \u015fekillendirme veya hassasla\u015ft\u0131rma gibi bir \u00e7ok a\u015famada kullan\u0131labilirler. \u0130malat yap\u0131lan \u00fcr\u00fcn\u00fcn durumuna veya amac\u0131na g\u00f6re <a href=\"https:\/\/tahasservis.com\/en\/yagsiz-vidali-kompresorler\/\" target=\"_blank\" rel=\"noreferrer noopener\">ya\u011fs\u0131z kompres\u00f6rler<\/a><strong> <\/strong>aras\u0131ndan biri se\u00e7ilebilece\u011fi gibi kapasite do\u011frultusundan birden \u00e7ok bas\u0131n\u00e7l\u0131 hava makinesi gereksinimi olabilir.&nbsp;<\/p>\n\n\n\n<h3 class=\"wp-block-heading\"><strong>A\u011fa\u00e7 \u0130\u015fleme Sekt\u00f6r\u00fc<\/strong><\/h3>\n\n\n\n<p>Bas\u0131n\u00e7l\u0131 hava a\u011fa\u00e7 i\u015fleme sekt\u00f6r\u00fcn\u00fcn bir \u00e7ok a\u015famas\u0131nda kullan\u0131lan bir sistemdir. Hava kompres\u00f6r\u00fc, b\u00fcy\u00fck \u00f6l\u00e7ekli i\u015fletmelerden at\u00f6lyelere kadar farkl\u0131 kapasitelerdeki \u00fcretim veya i\u015flemenin verimlili\u011fi art\u0131rabilir. \u0130malat\u0131n ilk a\u015famas\u0131 olan a\u011fac\u0131 preslemeden, kesmeye, \u00e7ivi \u00e7akmadan, en son a\u015fama olan vernik ve cilalamaya kadar hemen hemen her i\u015flemde i\u015fleri kolayla\u015ft\u0131r\u0131r. Bas\u0131n\u00e7l\u0131 hava bu sekt\u00f6rde, kereste fabrikalar\u0131 ve b\u00fcy\u00fck in\u015faat projeleri i\u00e7erisinde kullan\u0131lan ara\u00e7 ve aletlere kaynak sa\u011flar. Hassas milimetrik kesim yap\u0131lmas\u0131 gereken noktalarda istenilen seri \u00fcretim potansiyelini sa\u011flar. \u0130\u015fletmede bas\u0131n\u00e7l\u0131 hava kullanan ara\u00e7 ve makine say\u0131s\u0131 fazla ise <strong>vidal\u0131 kompres\u00f6r <\/strong>tercih edilebilirken, genelde daha k\u00fc\u00e7\u00fck at\u00f6lyeler i\u00e7in pistonlu modeller yeterlidir.&nbsp;<\/p>\n\n\n\n<h3 class=\"wp-block-heading\"><strong>Tar\u0131m Sekt\u00f6r\u00fc&nbsp;<\/strong><\/h3>\n\n\n\n<p>Eski d\u00f6nemlere g\u00f6re modernle\u015fen ve otomatikle\u015fen tar\u0131m, bas\u0131n\u00e7l\u0131 hava sistemlerinin s\u0131kl\u0131kla kullan\u0131ld\u0131\u011f\u0131 bir end\u00fcstridir. Elle ekim yap\u0131lan veya hayvanlarla \u00e7ekilen ekipmanlar\u0131n yerini g\u00fcn\u00fcm\u00fczde, bas\u0131n\u00e7l\u0131 hava ile \u00e7al\u0131\u015fan ara\u00e7 ve makineler almaktad\u0131r. Mesela seralar\u0131n havaland\u0131r\u0131lmas\u0131, mahsullerin tohumlar\u0131n\u0131n ekilmesi, sulanmas\u0131, trakt\u00f6rlerin lastiklerinin \u015fi\u015firilmesi ve mand\u0131ralarda makinelerin \u00e7al\u0131\u015ft\u0131r\u0131lmas\u0131 hava kompres\u00f6r\u00fc sayesinde yap\u0131l\u0131r. \u00d6zetle; bas\u0131n\u00e7l\u0131 hava sistemleri, b\u00fcy\u00fck \u00e7apl\u0131 \u00e7iftliklerden, kendi \u00e7ap\u0131nda ekim yapan \u00e7ift\u00e7ilere kadar hemen hemen herkesin i\u015fini kolayla\u015ft\u0131r\u0131r.<\/p>\n\n\n\n<h3 class=\"wp-block-heading\"><strong>G\u0131da Sekt\u00f6r\u00fc<\/strong><\/h3>\n\n\n\n<p>G\u0131da sekt\u00f6r\u00fcnde i\u015fletmenin pek \u00e7ok a\u015famas\u0131nda kullan\u0131lan bas\u0131n\u00e7l\u0131 hava, \u00fcretimin h\u0131zland\u0131r\u0131lmas\u0131 i\u00e7in mihenk ta\u015f\u0131d\u0131r. \u00d6zellik temiz bas\u0131n\u00e7l\u0131 hava gereksinimi duyulan bu sekt\u00f6rde ayr\u0131ca israf\u0131 da \u00f6nler. \u00dcr\u00fcnlerin kesiminden, soyulmas\u0131na, kesilmesine, so\u011futulmas\u0131na ve paketlenmesine kadar hemen hemen her a\u015fama hava kompres\u00f6r\u00fc ile i\u015fler. K\u00fcf ve bakteri \u00fcremesine en elveri\u015fli ortamlardan biri olan bu sekt\u00f6rde bantlar\u0131n verimlili\u011fi ancak do\u011fru bir kompres\u00f6r se\u00e7imi ile sa\u011flan\u0131r. Bu sekt\u00f6rde gereken hijyeni sa\u011flaman\u0131n yolu da <strong>hava kompres\u00f6r\u00fc<\/strong> ile olurken, b\u00f6ylelikle g\u0131da kaynakl\u0131 hastal\u0131klar da \u00f6nlenmi\u015f olur. \u00d6zetle g\u0131da sekt\u00f6r\u00fcnde, havadaki partik\u00fclleri, nemi ve bu\u011fuyu giderecek kapasitede bir bas\u0131n\u00e7l\u0131 hava sisteminin kurulmas\u0131 \u015fartt\u0131r. \u00c7\u00fcnk\u00fc t\u00fcm bu risklerin \u00f6nlenmesi ve \u00fcretimin h\u0131zla devam etmesi a\u00e7\u0131s\u0131ndan olduk\u00e7a de\u011ferlidir.<\/p>\n\n\n\n<h3 class=\"wp-block-heading\"><strong>Demir yolu Sekt\u00f6r\u00fc&nbsp;<\/strong><\/h3>\n\n\n\n<p>Bas\u0131n\u00e7l\u0131 havan\u0131n en fazla kullan\u0131ld\u0131\u011f\u0131 alanlardan biri olan demir yolu sekt\u00f6r\u00fcnde, bir\u00e7ok ara\u00e7 <a href=\"https:\/\/tahasservis.com\/en\/yagli-vidali-kompresorler\/\" target=\"_blank\" rel=\"noreferrer noopener\">hava kompres\u00f6r\u00fc<\/a> ile \u00e7al\u0131\u015f\u0131r. Bu alanda kullan\u0131lan kompres\u00f6rlerin a\u015f\u0131r\u0131 s\u0131ca\u011fa, kire, neme ve toza dayan\u0131kl\u0131 olmas\u0131 performans a\u00e7\u0131s\u0131ndan olduk\u00e7a de\u011ferlidir. Aksi takdirde can s\u0131k\u0131c\u0131 ve g\u00fcvensiz bir ortam yaratabilir. Mesela trenin kap\u0131lar\u0131n\u0131n a\u00e7\u0131l\u0131p kapanmas\u0131 veya trenin s\u00fcspansiyon ve frenleme sistemi bas\u0131n\u00e7l\u0131 hava ile sa\u011flan\u0131r. Kapasite ve ortama g\u00f6re se\u00e7ilmeyen hava kompres\u00f6r\u00fc, kargo ve ula\u015f\u0131mda \u00f6nemli bir yeri olan bu sekt\u00f6rde i\u015flerin aksamas\u0131na, hasara neden olabilirken, hatta can g\u00fcvenli\u011fini bile tehlikeye d\u00fc\u015f\u00fcrebilir.<\/p>\n\n\n\n<h3 class=\"wp-block-heading\"><strong>\u0130la\u00e7 Sekt\u00f6r\u00fc&nbsp;<\/strong><\/h3>\n\n\n\n<p>Hijyen ve hassasiyetlik gerektiren ila\u00e7 sekt\u00f6r\u00fc i\u00e7in hava kompres\u00f6r\u00fc can damar\u0131d\u0131r. \u0130la\u00e7lar\u0131n \u00fcretim safhas\u0131nda, \u00f6l\u00e7\u00fcmlerinden, re\u00e7etenin form\u00fcle edilmesine, tablet haline getirilmesinden&nbsp; paketlenmesine kadar bas\u0131n\u00e7l\u0131 havaya ihtiya\u00e7 vard\u0131r. \u00d6zellikle ya\u011fs\u0131z hava kompreslerinin se\u00e7ildi\u011fi bu sekt\u00f6rde, stabil bas\u0131n\u00e7l\u0131 hava kritik de\u011ferdedir. Her t\u00fcrl\u00fc farmas\u00f6tik ortamda zorunlu olan hijyen \u015fartlar\u0131n\u0131n sa\u011flanmas\u0131 ise yine bu ara\u00e7lara ba\u011fl\u0131d\u0131r.&nbsp;<\/p>\n\n\n\n<h3 class=\"wp-block-heading\"><strong>Otomotiv Sekt\u00f6r\u00fc&nbsp;<\/strong><\/h3>\n\n\n\n<p>Vidal\u0131 kompres\u00f6rlerin yo\u011fun olarak kullan\u0131ld\u0131\u011f\u0131 alanlardan biri otomotiv end\u00fcstrisidir. Ara\u00e7lar\u0131n par\u00e7alar\u0131n\u0131n \u00fcretilmesinden, birle\u015ftirilmesine, bak\u0131m\u0131ndan boyanmas\u0131na kadar her alanda bas\u0131n\u00e7l\u0131 hava kullan\u0131lmaktad\u0131r. Bu sekt\u00f6rde kullan\u0131lan hava kompres\u00f6rlerinin ise s\u0131ca\u011fa dayan\u0131kl\u0131, az \u0131s\u0131 \u00fcreten ve m\u00fcmk\u00fcn mertebe az ses \u00e7\u0131kartan modeller olmas\u0131 gerekir.<\/p>\n\n\n\n<p>\u015eayet i\u015fletmenizin bas\u0131n\u00e7l\u0131 hava gereksinimi varsa,&nbsp; enerji ve i\u015f\u00e7ilikten tasarruf ettirecek yeni nesil kompres\u00f6r modelleri i\u00e7in&nbsp; <a href=\"https:\/\/tahasservis.com\/en\/\">TAHA\u015e SERV\u0130S<\/a>&nbsp;web sitesini ziyaret edebilir, y\u00fcksek teknolojiye sahip modellere g\u00f6z atabilirsiniz. Ayr\u0131ca mevcut kompres\u00f6r\u00fcn\u00fcz\u00fcn bak\u0131ma ihtiyac\u0131 varsa randevu olu\u015fturabilir, yap\u0131lacak bak\u0131m ile kapasitesini art\u0131rabilirsiniz. Bas\u0131n\u00e7l\u0131 hava verimlili\u011fine dair s\u00fcrekli g\u00fcncellenen <a href=\"https:\/\/tahasservis.com\/en\/blog\/\">BLOG<\/a> sayfam\u0131zdan bilgi edinebilirsiniz.<\/p>","protected":false},"excerpt":{"rendered":"<p>G\u00fcn\u00fcm\u00fcz ya\u015fam\u0131nda bas\u0131n\u00e7l\u0131 hava kompres\u00f6rleri vazge\u00e7ilmez bir ara\u00e7 stat\u00fcs\u00fcndedir. \u00c7\u00fcnk\u00fc g\u0131da sekt\u00f6r\u00fcnden, ila\u00e7 end\u00fcstrisine, ula\u015f\u0131mdan, \u00fcretim s\u00fcre\u00e7lerine kadar hemen hemen her sekt\u00f6r ve alanda zorunlu bir ihtiya\u00e7t\u0131r. Mesela en basitinden metroda kap\u0131lar\u0131n a\u00e7\u0131l\u0131p-kapanmas\u0131n\u0131 sa\u011flarken, ula\u015f\u0131m\u0131n mihenk ta\u015f\u0131 olan lastikler bas\u0131n\u00e7l\u0131 hava ile doldurulur. Ya da g\u0131da sekt\u00f6r\u00fcnde raf \u00f6mr\u00fcn\u00fcn uzat\u0131lmas\u0131nda etkin bir \u00e7\u00f6z\u00fcm olan paketleme [&hellip;]<\/p>","protected":false},"author":3,"featured_media":2420,"comment_status":"open","ping_status":"open","sticky":false,"template":"","format":"standard","meta":{"footnotes":""},"categories":[1,101],"tags":[],"class_list":["post-2419","post","type-post","status-publish","format-standard","has-post-thumbnail","hentry","category-genel","category-hava-kompresorleri"],"yoast_head":"<!-- This site is optimized with the Yoast SEO Premium plugin v16.1 (Yoast SEO v25.6) - https:\/\/yoast.com\/wordpress\/plugins\/seo\/ -->\n<title>Hava Kompres\u00f6rleri Hangi Sekt\u00f6rlerde Kullan\u0131l\u0131r? - Taha\u015f Servis<\/title>\n<meta name=\"robots\" content=\"index, follow, max-snippet:-1, max-image-preview:large, max-video-preview:-1\" \/>\n<link rel=\"canonical\" href=\"http:\/\/tahasservis.com\/en\/hava-kompresorleri-hangi-sektorlerde-kullanilir\/\" \/>\n<meta property=\"og:locale\" content=\"en_US\" \/>\n<meta property=\"og:type\" content=\"article\" \/>\n<meta property=\"og:title\" content=\"Hava Kompres\u00f6rleri Hangi Sekt\u00f6rlerde Kullan\u0131l\u0131r? - Taha\u015f Servis\" \/>\n<meta property=\"og:description\" content=\"G\u00fcn\u00fcm\u00fcz ya\u015fam\u0131nda bas\u0131n\u00e7l\u0131 hava kompres\u00f6rleri vazge\u00e7ilmez bir ara\u00e7 stat\u00fcs\u00fcndedir. \u00c7\u00fcnk\u00fc g\u0131da sekt\u00f6r\u00fcnden, ila\u00e7 end\u00fcstrisine, ula\u015f\u0131mdan, \u00fcretim s\u00fcre\u00e7lerine kadar hemen hemen her sekt\u00f6r ve alanda zorunlu bir ihtiya\u00e7t\u0131r. Mesela en basitinden metroda kap\u0131lar\u0131n a\u00e7\u0131l\u0131p-kapanmas\u0131n\u0131 sa\u011flarken, ula\u015f\u0131m\u0131n mihenk ta\u015f\u0131 olan lastikler bas\u0131n\u00e7l\u0131 hava ile doldurulur. Ya da g\u0131da sekt\u00f6r\u00fcnde raf \u00f6mr\u00fcn\u00fcn uzat\u0131lmas\u0131nda etkin bir \u00e7\u00f6z\u00fcm olan paketleme [&hellip;]\" \/>\n<meta property=\"og:url\" content=\"http:\/\/tahasservis.com\/en\/hava-kompresorleri-hangi-sektorlerde-kullanilir\/\" \/>\n<meta property=\"og:site_name\" content=\"Taha\u015f Servis\" \/>\n<meta property=\"article:published_time\" content=\"2022-03-28T15:06:08+00:00\" \/>\n<meta property=\"article:modified_time\" content=\"2022-03-28T15:06:10+00:00\" \/>\n<meta property=\"og:image\" content=\"http:\/\/tahasservis.com\/wp-content\/uploads\/2022\/03\/Hava-Kompresorleri-Hangi-Sektorlerde-Kullanilir-kapak-scaled.jpg\" \/>\n\t<meta property=\"og:image:width\" content=\"2560\" \/>\n\t<meta property=\"og:image:height\" content=\"1810\" \/>\n\t<meta property=\"og:image:type\" content=\"image\/jpeg\" \/>\n<meta name=\"author\" content=\"tahas-yonetim\" \/>\n<meta name=\"twitter:card\" content=\"summary_large_image\" \/>\n<meta name=\"twitter:label1\" content=\"Written by\" \/>\n\t<meta name=\"twitter:data1\" content=\"tahas-yonetim\" \/>\n\t<meta name=\"twitter:label2\" content=\"Est. reading time\" \/>\n\t<meta name=\"twitter:data2\" content=\"7 minutes\" \/>\n<script type=\"application\/ld+json\" class=\"yoast-schema-graph\">{\"@context\":\"https:\/\/schema.org\",\"@graph\":[{\"@type\":\"Article\",\"@id\":\"http:\/\/tahasservis.com\/hava-kompresorleri-hangi-sektorlerde-kullanilir\/#article\",\"isPartOf\":{\"@id\":\"http:\/\/tahasservis.com\/hava-kompresorleri-hangi-sektorlerde-kullanilir\/\"},\"author\":{\"name\":\"tahas-yonetim\",\"@id\":\"https:\/\/tahasservis.com\/#\/schema\/person\/dcc8e69a1a683906b597f6df39e4cf30\"},\"headline\":\"Hava Kompres\u00f6rleri Hangi Sekt\u00f6rlerde Kullan\u0131l\u0131r?\",\"datePublished\":\"2022-03-28T15:06:08+00:00\",\"dateModified\":\"2022-03-28T15:06:10+00:00\",\"mainEntityOfPage\":{\"@id\":\"http:\/\/tahasservis.com\/hava-kompresorleri-hangi-sektorlerde-kullanilir\/\"},\"wordCount\":1402,\"commentCount\":0,\"publisher\":{\"@id\":\"https:\/\/tahasservis.com\/#organization\"},\"image\":{\"@id\":\"http:\/\/tahasservis.com\/hava-kompresorleri-hangi-sektorlerde-kullanilir\/#primaryimage\"},\"thumbnailUrl\":\"https:\/\/tahasservis.com\/wp-content\/uploads\/2022\/03\/Hava-Kompresorleri-Hangi-Sektorlerde-Kullanilir-kapak-scaled.jpg\",\"articleSection\":[\"Genel\",\"Hava Kompres\u00f6rleri\"],\"inLanguage\":\"en-US\"},{\"@type\":\"WebPage\",\"@id\":\"http:\/\/tahasservis.com\/hava-kompresorleri-hangi-sektorlerde-kullanilir\/\",\"url\":\"http:\/\/tahasservis.com\/hava-kompresorleri-hangi-sektorlerde-kullanilir\/\",\"name\":\"Hava Kompres\u00f6rleri Hangi Sekt\u00f6rlerde Kullan\u0131l\u0131r? - Taha\u015f Servis\",\"isPartOf\":{\"@id\":\"https:\/\/tahasservis.com\/#website\"},\"primaryImageOfPage\":{\"@id\":\"http:\/\/tahasservis.com\/hava-kompresorleri-hangi-sektorlerde-kullanilir\/#primaryimage\"},\"image\":{\"@id\":\"http:\/\/tahasservis.com\/hava-kompresorleri-hangi-sektorlerde-kullanilir\/#primaryimage\"},\"thumbnailUrl\":\"https:\/\/tahasservis.com\/wp-content\/uploads\/2022\/03\/Hava-Kompresorleri-Hangi-Sektorlerde-Kullanilir-kapak-scaled.jpg\",\"datePublished\":\"2022-03-28T15:06:08+00:00\",\"dateModified\":\"2022-03-28T15:06:10+00:00\",\"breadcrumb\":{\"@id\":\"http:\/\/tahasservis.com\/hava-kompresorleri-hangi-sektorlerde-kullanilir\/#breadcrumb\"},\"inLanguage\":\"en-US\",\"potentialAction\":[{\"@type\":\"ReadAction\",\"target\":[\"http:\/\/tahasservis.com\/hava-kompresorleri-hangi-sektorlerde-kullanilir\/\"]}]},{\"@type\":\"ImageObject\",\"inLanguage\":\"en-US\",\"@id\":\"http:\/\/tahasservis.com\/hava-kompresorleri-hangi-sektorlerde-kullanilir\/#primaryimage\",\"url\":\"https:\/\/tahasservis.com\/wp-content\/uploads\/2022\/03\/Hava-Kompresorleri-Hangi-Sektorlerde-Kullanilir-kapak-scaled.jpg\",\"contentUrl\":\"https:\/\/tahasservis.com\/wp-content\/uploads\/2022\/03\/Hava-Kompresorleri-Hangi-Sektorlerde-Kullanilir-kapak-scaled.jpg\",\"width\":2560,\"height\":1810,\"caption\":\"hava-kompresorleri-hangi-sektorde-kullanilir\"},{\"@type\":\"BreadcrumbList\",\"@id\":\"http:\/\/tahasservis.com\/hava-kompresorleri-hangi-sektorlerde-kullanilir\/#breadcrumb\",\"itemListElement\":[{\"@type\":\"ListItem\",\"position\":1,\"name\":\"Home\",\"item\":\"https:\/\/tahasservis.com\/\"},{\"@type\":\"ListItem\",\"position\":2,\"name\":\"Hava Kompres\u00f6rleri Hangi Sekt\u00f6rlerde Kullan\u0131l\u0131r?\"}]},{\"@type\":\"WebSite\",\"@id\":\"https:\/\/tahasservis.com\/#website\",\"url\":\"https:\/\/tahasservis.com\/\",\"name\":\"Taha\u015f Servis\",\"description\":\"Taha\u015f Tazyikli Hava Servisi A.\u015e\",\"publisher\":{\"@id\":\"https:\/\/tahasservis.com\/#organization\"},\"potentialAction\":[{\"@type\":\"SearchAction\",\"target\":{\"@type\":\"EntryPoint\",\"urlTemplate\":\"https:\/\/tahasservis.com\/?s={search_term_string}\"},\"query-input\":{\"@type\":\"PropertyValueSpecification\",\"valueRequired\":true,\"valueName\":\"search_term_string\"}}],\"inLanguage\":\"en-US\"},{\"@type\":\"Organization\",\"@id\":\"https:\/\/tahasservis.com\/#organization\",\"name\":\"TAHA\u015e SERV\u0130S\",\"url\":\"https:\/\/tahasservis.com\/\",\"logo\":{\"@type\":\"ImageObject\",\"inLanguage\":\"en-US\",\"@id\":\"https:\/\/tahasservis.com\/#\/schema\/logo\/image\/\",\"url\":\"https:\/\/tahasservis.com\/wp-content\/uploads\/2020\/12\/cropped-Tahas_Logo.png\",\"contentUrl\":\"https:\/\/tahasservis.com\/wp-content\/uploads\/2020\/12\/cropped-Tahas_Logo.png\",\"width\":512,\"height\":512,\"caption\":\"TAHA\u015e SERV\u0130S\"},\"image\":{\"@id\":\"https:\/\/tahasservis.com\/#\/schema\/logo\/image\/\"}},{\"@type\":\"Person\",\"@id\":\"https:\/\/tahasservis.com\/#\/schema\/person\/dcc8e69a1a683906b597f6df39e4cf30\",\"name\":\"tahas-yonetim\",\"image\":{\"@type\":\"ImageObject\",\"inLanguage\":\"en-US\",\"@id\":\"https:\/\/tahasservis.com\/#\/schema\/person\/image\/\",\"url\":\"https:\/\/secure.gravatar.com\/avatar\/ed78e5bd60b15c34eb09a92a753042c8c007ea7e517e148043543031cb0acebb?s=96&d=mm&r=g\",\"contentUrl\":\"https:\/\/secure.gravatar.com\/avatar\/ed78e5bd60b15c34eb09a92a753042c8c007ea7e517e148043543031cb0acebb?s=96&d=mm&r=g\",\"caption\":\"tahas-yonetim\"}}]}<\/script>\n<!-- \/ Yoast SEO Premium plugin. -->","yoast_head_json":{"title":"Hava Kompres\u00f6rleri Hangi Sekt\u00f6rlerde Kullan\u0131l\u0131r? - Taha\u015f Servis","robots":{"index":"index","follow":"follow","max-snippet":"max-snippet:-1","max-image-preview":"max-image-preview:large","max-video-preview":"max-video-preview:-1"},"canonical":"http:\/\/tahasservis.com\/en\/hava-kompresorleri-hangi-sektorlerde-kullanilir\/","og_locale":"en_US","og_type":"article","og_title":"Hava Kompres\u00f6rleri Hangi Sekt\u00f6rlerde Kullan\u0131l\u0131r? - Taha\u015f Servis","og_description":"G\u00fcn\u00fcm\u00fcz ya\u015fam\u0131nda bas\u0131n\u00e7l\u0131 hava kompres\u00f6rleri vazge\u00e7ilmez bir ara\u00e7 stat\u00fcs\u00fcndedir. \u00c7\u00fcnk\u00fc g\u0131da sekt\u00f6r\u00fcnden, ila\u00e7 end\u00fcstrisine, ula\u015f\u0131mdan, \u00fcretim s\u00fcre\u00e7lerine kadar hemen hemen her sekt\u00f6r ve alanda zorunlu bir ihtiya\u00e7t\u0131r. Mesela en basitinden metroda kap\u0131lar\u0131n a\u00e7\u0131l\u0131p-kapanmas\u0131n\u0131 sa\u011flarken, ula\u015f\u0131m\u0131n mihenk ta\u015f\u0131 olan lastikler bas\u0131n\u00e7l\u0131 hava ile doldurulur. Ya da g\u0131da sekt\u00f6r\u00fcnde raf \u00f6mr\u00fcn\u00fcn uzat\u0131lmas\u0131nda etkin bir \u00e7\u00f6z\u00fcm olan paketleme [&hellip;]","og_url":"http:\/\/tahasservis.com\/en\/hava-kompresorleri-hangi-sektorlerde-kullanilir\/","og_site_name":"Taha\u015f Servis","article_published_time":"2022-03-28T15:06:08+00:00","article_modified_time":"2022-03-28T15:06:10+00:00","og_image":[{"width":2560,"height":1810,"url":"http:\/\/tahasservis.com\/wp-content\/uploads\/2022\/03\/Hava-Kompresorleri-Hangi-Sektorlerde-Kullanilir-kapak-scaled.jpg","type":"image\/jpeg"}],"author":"tahas-yonetim","twitter_card":"summary_large_image","twitter_misc":{"Written by":"tahas-yonetim","Est. reading time":"7 minutes"},"schema":{"@context":"https:\/\/schema.org","@graph":[{"@type":"Article","@id":"http:\/\/tahasservis.com\/hava-kompresorleri-hangi-sektorlerde-kullanilir\/#article","isPartOf":{"@id":"http:\/\/tahasservis.com\/hava-kompresorleri-hangi-sektorlerde-kullanilir\/"},"author":{"name":"tahas-yonetim","@id":"https:\/\/tahasservis.com\/#\/schema\/person\/dcc8e69a1a683906b597f6df39e4cf30"},"headline":"Hava Kompres\u00f6rleri Hangi Sekt\u00f6rlerde Kullan\u0131l\u0131r?","datePublished":"2022-03-28T15:06:08+00:00","dateModified":"2022-03-28T15:06:10+00:00","mainEntityOfPage":{"@id":"http:\/\/tahasservis.com\/hava-kompresorleri-hangi-sektorlerde-kullanilir\/"},"wordCount":1402,"commentCount":0,"publisher":{"@id":"https:\/\/tahasservis.com\/#organization"},"image":{"@id":"http:\/\/tahasservis.com\/hava-kompresorleri-hangi-sektorlerde-kullanilir\/#primaryimage"},"thumbnailUrl":"https:\/\/tahasservis.com\/wp-content\/uploads\/2022\/03\/Hava-Kompresorleri-Hangi-Sektorlerde-Kullanilir-kapak-scaled.jpg","articleSection":["Genel","Hava Kompres\u00f6rleri"],"inLanguage":"en-US"},{"@type":"WebPage","@id":"http:\/\/tahasservis.com\/hava-kompresorleri-hangi-sektorlerde-kullanilir\/","url":"http:\/\/tahasservis.com\/hava-kompresorleri-hangi-sektorlerde-kullanilir\/","name":"Hava Kompres\u00f6rleri Hangi Sekt\u00f6rlerde Kullan\u0131l\u0131r? - Taha\u015f Servis","isPartOf":{"@id":"https:\/\/tahasservis.com\/#website"},"primaryImageOfPage":{"@id":"http:\/\/tahasservis.com\/hava-kompresorleri-hangi-sektorlerde-kullanilir\/#primaryimage"},"image":{"@id":"http:\/\/tahasservis.com\/hava-kompresorleri-hangi-sektorlerde-kullanilir\/#primaryimage"},"thumbnailUrl":"https:\/\/tahasservis.com\/wp-content\/uploads\/2022\/03\/Hava-Kompresorleri-Hangi-Sektorlerde-Kullanilir-kapak-scaled.jpg","datePublished":"2022-03-28T15:06:08+00:00","dateModified":"2022-03-28T15:06:10+00:00","breadcrumb":{"@id":"http:\/\/tahasservis.com\/hava-kompresorleri-hangi-sektorlerde-kullanilir\/#breadcrumb"},"inLanguage":"en-US","potentialAction":[{"@type":"ReadAction","target":["http:\/\/tahasservis.com\/hava-kompresorleri-hangi-sektorlerde-kullanilir\/"]}]},{"@type":"ImageObject","inLanguage":"en-US","@id":"http:\/\/tahasservis.com\/hava-kompresorleri-hangi-sektorlerde-kullanilir\/#primaryimage","url":"https:\/\/tahasservis.com\/wp-content\/uploads\/2022\/03\/Hava-Kompresorleri-Hangi-Sektorlerde-Kullanilir-kapak-scaled.jpg","contentUrl":"https:\/\/tahasservis.com\/wp-content\/uploads\/2022\/03\/Hava-Kompresorleri-Hangi-Sektorlerde-Kullanilir-kapak-scaled.jpg","width":2560,"height":1810,"caption":"hava-kompresorleri-hangi-sektorde-kullanilir"},{"@type":"BreadcrumbList","@id":"http:\/\/tahasservis.com\/hava-kompresorleri-hangi-sektorlerde-kullanilir\/#breadcrumb","itemListElement":[{"@type":"ListItem","position":1,"name":"Home","item":"https:\/\/tahasservis.com\/"},{"@type":"ListItem","position":2,"name":"Hava Kompres\u00f6rleri Hangi Sekt\u00f6rlerde Kullan\u0131l\u0131r?"}]},{"@type":"WebSite","@id":"https:\/\/tahasservis.com\/#website","url":"https:\/\/tahasservis.com\/","name":"Taha\u015f Servis","description":"Taha\u015f Tazyikli Hava Servisi A.\u015e","publisher":{"@id":"https:\/\/tahasservis.com\/#organization"},"potentialAction":[{"@type":"SearchAction","target":{"@type":"EntryPoint","urlTemplate":"https:\/\/tahasservis.com\/?s={search_term_string}"},"query-input":{"@type":"PropertyValueSpecification","valueRequired":true,"valueName":"search_term_string"}}],"inLanguage":"en-US"},{"@type":"Organization","@id":"https:\/\/tahasservis.com\/#organization","name":"TAHA\u015e SERV\u0130S","url":"https:\/\/tahasservis.com\/","logo":{"@type":"ImageObject","inLanguage":"en-US","@id":"https:\/\/tahasservis.com\/#\/schema\/logo\/image\/","url":"https:\/\/tahasservis.com\/wp-content\/uploads\/2020\/12\/cropped-Tahas_Logo.png","contentUrl":"https:\/\/tahasservis.com\/wp-content\/uploads\/2020\/12\/cropped-Tahas_Logo.png","width":512,"height":512,"caption":"TAHA\u015e SERV\u0130S"},"image":{"@id":"https:\/\/tahasservis.com\/#\/schema\/logo\/image\/"}},{"@type":"Person","@id":"https:\/\/tahasservis.com\/#\/schema\/person\/dcc8e69a1a683906b597f6df39e4cf30","name":"tahas-yonetim","image":{"@type":"ImageObject","inLanguage":"en-US","@id":"https:\/\/tahasservis.com\/#\/schema\/person\/image\/","url":"https:\/\/secure.gravatar.com\/avatar\/ed78e5bd60b15c34eb09a92a753042c8c007ea7e517e148043543031cb0acebb?s=96&d=mm&r=g","contentUrl":"https:\/\/secure.gravatar.com\/avatar\/ed78e5bd60b15c34eb09a92a753042c8c007ea7e517e148043543031cb0acebb?s=96&d=mm&r=g","caption":"tahas-yonetim"}}]}},"_links":{"self":[{"href":"https:\/\/tahasservis.com\/en\/wp-json\/wp\/v2\/posts\/2419","targetHints":{"allow":["GET"]}}],"collection":[{"href":"https:\/\/tahasservis.com\/en\/wp-json\/wp\/v2\/posts"}],"about":[{"href":"https:\/\/tahasservis.com\/en\/wp-json\/wp\/v2\/types\/post"}],"author":[{"embeddable":true,"href":"https:\/\/tahasservis.com\/en\/wp-json\/wp\/v2\/users\/3"}],"replies":[{"embeddable":true,"href":"https:\/\/tahasservis.com\/en\/wp-json\/wp\/v2\/comments?post=2419"}],"version-history":[{"count":0,"href":"https:\/\/tahasservis.com\/en\/wp-json\/wp\/v2\/posts\/2419\/revisions"}],"wp:featuredmedia":[{"embeddable":true,"href":"https:\/\/tahasservis.com\/en\/wp-json\/wp\/v2\/media\/2420"}],"wp:attachment":[{"href":"https:\/\/tahasservis.com\/en\/wp-json\/wp\/v2\/media?parent=2419"}],"wp:term":[{"taxonomy":"category","embeddable":true,"href":"https:\/\/tahasservis.com\/en\/wp-json\/wp\/v2\/categories?post=2419"},{"taxonomy":"post_tag","embeddable":true,"href":"https:\/\/tahasservis.com\/en\/wp-json\/wp\/v2\/tags?post=2419"}],"curies":[{"name":"wp","href":"https:\/\/api.w.org\/{rel}","templated":true}]}}