{"id":2469,"date":"2022-05-12T08:09:00","date_gmt":"2022-05-12T08:09:00","guid":{"rendered":"https:\/\/tahasservis.com\/?p=2469"},"modified":"2022-05-12T08:09:03","modified_gmt":"2022-05-12T08:09:03","slug":"hava-kompresoru-alirken-nelere-dikkat-edilmeli","status":"publish","type":"post","link":"https:\/\/tahasservis.com\/en\/hava-kompresoru-alirken-nelere-dikkat-edilmeli\/","title":{"rendered":"Hava Kompres\u00f6r\u00fc Al\u0131rken Nelere Dikkat Edilmeli?"},"content":{"rendered":"<p>G\u00fcn\u00fcm\u00fcz i\u015fletmelerinin vazge\u00e7ilmez ara\u00e7lar\u0131ndan biri olan hava kompres\u00f6r\u00fc, g\u00fcnl\u00fck ya\u015famda da kendine sa\u011flam bir yer edinmi\u015ftir. Mesela g\u0131dalar\u0131n raf \u00f6mr\u00fcn\u00fcn korunmas\u0131ndan in\u015faat sekt\u00f6r\u00fcne kadar bir\u00e7ok alandaki rol\u00fc tart\u0131\u015f\u0131lmazd\u0131r. Ancak bir i\u015fletmede kullan\u0131lacak herhangi bir ara\u00e7 veya gere\u00e7ten tam rand\u0131man\u0131n al\u0131nabilmesi i\u00e7in ihtiyaca y\u00f6nelik se\u00e7im yap\u0131lmas\u0131 \u015fartt\u0131r. Aksi takdirde hem i\u015fletme performans\u0131n\u0131 d\u00fc\u015f\u00fcr\u00fcr hem de g\u00fcvenlik a\u00e7\u0131s\u0131ndan da riskler te\u015fkil edebilir. Hava kompres\u00f6rleri i\u00e7inde ge\u00e7erli olan bu durum, baz\u0131 kriterler g\u00f6zden ge\u00e7irilerek do\u011fru bir se\u00e7im yap\u0131larak sorun olmaktan \u00e7\u0131kar\u0131labilir.&nbsp;<\/p>\n\n\n\n<h2 class=\"wp-block-heading\"><strong>Hava Kompres\u00f6r\u00fc Se\u00e7iminde Cevaplanmas\u0131 Gereken \u00d6ncelikli Sorular&nbsp;<\/strong><\/h2>\n\n\n\n<p>Hava kompres\u00f6r\u00fc se\u00e7erken temel olarak baz\u0131 sorular\u0131n cevab\u0131n\u0131n derinlemesine irdelenmesi gerekir. Elde edilen cevaplar\u0131n analizinin do\u011fru olarak yap\u0131lmas\u0131 ise i\u015fletme i\u00e7in en uygun kompres\u00f6r\u00fcn se\u00e7ilmesinde etkin bir ad\u0131md\u0131r. Aksi takdirde se\u00e7im yapacak olan yetkili yan\u0131labilir. Dolay\u0131s\u0131yla i\u015fletmesi i\u00e7in yeterli olmayan veya fuzuli derecede kapasitesi b\u00fcy\u00fck bir kompres\u00f6r se\u00e7imi yaparak maliyetleri y\u00fckseltebilir. Ayr\u0131ca se\u00e7im sadece maliyeti etkilemez, ayn\u0131 zamanda yeti\u015fmeyen nihai \u00fcr\u00fcn sonras\u0131 marka prestijini sarsabilir, hatta g\u00fcvenlik a\u00e7\u0131s\u0131ndan tehditler bile olu\u015fturabilir.&nbsp;<\/p>\n\n\n\n<p>Peki kompres\u00f6r se\u00e7erken sorulmas\u0131 gereken sorular nelerdir? \u0130\u015fte kompres\u00f6r se\u00e7imine y\u00f6n verecek sorular;&nbsp;<\/p>\n\n\n\n<ul class=\"wp-block-list\"><li>Kompres\u00f6r al\u0131m\u0131 i\u00e7in planlanan b\u00fct\u00e7e ne kadard\u0131r?&nbsp;<\/li><li>Sekt\u00f6re uygun olan hava kompres\u00f6r modeli hangisidir?<\/li><li>\u0130htiya\u00e7 olan hava miktar\u0131 nedir?<\/li><li>\u0130htiya\u00e7 olan hava kalitesi nedir?<\/li><li>Kompres\u00f6r\u00fcn konumland\u0131raca\u011f\u0131 alan ne kadar b\u00fcy\u00fckl\u00fcktedir?<\/li><li>Sat\u0131\u015f sonras\u0131 servis deste\u011fi nas\u0131l?<\/li><li>\u0130\u015fletmenin bas\u0131n\u00e7l\u0131 hava sistemine gelecek d\u00f6nemde ilaveler yap\u0131lmas\u0131 planlan\u0131yor mu?<\/li><li>Kompres\u00f6r\u00fcn kurulaca\u011f\u0131 ortam \u015fartlar\u0131 nas\u0131l?<\/li><\/ul>\n\n\n\n<p>Bu sorular\u0131n cevaplar\u0131 al\u0131nd\u0131ktan sonra teknik bilgisi olan bir al\u0131m yetkilisi taraf\u0131ndan karar verilmesi \u00f6nemlidir. \u00c7\u00fcnk\u00fc her iki durumu da perspektif olarak neden-sonu\u00e7 ili\u015fkisine dayand\u0131rabilecek bir al\u0131m, i\u015fletme menfaati a\u00e7\u0131s\u0131ndan b\u00fcy\u00fck katk\u0131lar sa\u011flayabilir. Ayn\u0131 zamanda bu kriterlerin belirlenmesi s\u00fcrecinde uzman bir kompres\u00f6r firmas\u0131ndan yard\u0131m al\u0131nmas\u0131 da kompres\u00f6r se\u00e7im sonucunu ba\u015far\u0131ya ta\u015f\u0131r niteliktedir.<\/p>\n\n\n\n<h2 class=\"wp-block-heading\"><strong>Hava Kompres\u00f6r\u00fc Se\u00e7iminde Dikkat Edilecek Kriterler<\/strong><\/h2>\n\n\n\n<p>Kompres\u00f6r se\u00e7imi baz\u0131 s\u00fcre\u00e7lerde ciddi bir kafa kar\u0131\u015f\u0131kl\u0131\u011f\u0131na neden olabilir. \u00c7\u00fcnk\u00fc farkl\u0131 kapasitesi, \u00f6zellikleri, ebat\u0131, avantajlar\u0131 ve fiyat\u0131 ile olduk\u00e7a geni\u015f bir \u00e7e\u015fitlili\u011fe sahip olmas\u0131 zorlay\u0131c\u0131 olabilir. \u00dcstelik teknolojiyle birlikte s\u00fcrekli \u00e7e\u015fitlili\u011fi artan hava kompres\u00f6r\u00fc modelleri beraberinde yeni avantajlar yan\u0131nda yeni sorularda getirebilir. Mesela elektrik tasarrufu artarken otomasyon ve g\u00fcvenlik \u00f6zelliklerinde de g\u00f6r\u00fclen fark edilebilir art\u0131\u015f\u0131n yap\u0131lacak yat\u0131r\u0131m b\u00fct\u00e7esine de\u011fip de\u011fmeyece\u011fi merak edilir. Her ne kadar zor gibi dursa da kompres\u00f6r se\u00e7imi yaparken baz\u0131 kriterlere \u00fczerinde durulmas\u0131 en do\u011fru se\u00e7imin yap\u0131lmas\u0131na yard\u0131mc\u0131 olabilir. Hava kompres\u00f6r\u00fc se\u00e7erken dikkat edilmesi kriterler genel itibariyle \u015fu \u015fekilde s\u0131ralanabilir;&nbsp;<\/p>\n\n\n\n<ul class=\"wp-block-list\"><li>\u0130htiya\u00e7 olan bas\u0131n\u00e7l\u0131 hava miktar\u0131,&nbsp;<\/li><li>\u0130htiyac\u0131 kar\u015f\u0131layacak hava kompres\u00f6r\u00fc modeli, ( pistonlu veya vidal\u0131 kompres\u00f6r<strong> <\/strong>modelleri vb.)<\/li><li>\u0130htiya\u00e7 olan hava kalitesi, (ya\u011fs\u0131z-ya\u011fl\u0131 kompres\u00f6r se\u00e7imi vb.)<\/li><li>Ortam \u015fartlar\u0131na en uygun olan kompres\u00f6r modeli,<\/li><li>Gelecekte kapasite art\u0131\u015f\u0131 ile ilgili bas\u0131n\u00e7l\u0131 hava ihtiyac\u0131n\u0131n ger\u00e7ek\u00e7i olarak belirlenmesi,&nbsp;<\/li><li>Mevcut bas\u0131n\u00e7l\u0131 hava tesisat\u0131n\u0131n durumu,&nbsp;<\/li><li>Bas\u0131n\u00e7l\u0131 hava kompres\u00f6r\u00fcn\u00fc s\u00fcrekli kullanan makinelerin kapasiteleri,<\/li><li>Kompres\u00f6r\u00fcn yerle\u015ftirilece\u011fi yerin durumu,<\/li><li>So\u011futma \u00fcniteli olan modellerde so\u011futma suyunun kolay ula\u015f\u0131labilir olup olmad\u0131\u011f\u0131,<\/li><li>Garanti s\u00fcresi ve kalite belgelerine sahip olup olmad\u0131\u011f\u0131,<\/li><li>Servis ve bak\u0131m hizmetinin yayg\u0131nl\u0131\u011f\u0131,<\/li><li>Yedek par\u00e7alar\u0131n fiyat\u0131 ve kolay bulunabilirli\u011fi,&nbsp;<\/li><li>Hava kompres\u00f6r\u00fc almak i\u00e7in planlanan b\u00fct\u00e7enin miktar\u0131,<\/li><li>Al\u0131nmas\u0131 planlanan kompres\u00f6r hakk\u0131ndaki referanslar ve g\u00fcvenlik ile ilgili bir vukuat\u0131 olup olmad\u0131\u011f\u0131,<\/li><li>Sekt\u00f6re uyumlulu\u011fu,(ya\u011fs\u0131z vidal\u0131 kompres\u00f6r vb. gibi)<\/li><li>Kompres\u00f6r kullan\u0131m noktalar\u0131n\u0131n miktar\u0131 ve yay\u0131ld\u0131\u011f\u0131 alan\u0131n ne kadar b\u00fcy\u00fck oldu\u011fu,<\/li><li>Elektrik veya dizel motor \u015feklinde ne \u00e7e\u015fit bir tahrik sistemine ihtiya\u00e7 olup olmad\u0131\u011f\u0131,<\/li><\/ul>\n\n\n\n<p>T\u00fcm bu kriterlerin bir b\u00fct\u00fcn olarak de\u011ferlendirilmesi ihtiyaca y\u00f6nelik en do\u011fru hava kompres\u00f6r\u00fc modelinin se\u00e7ilmesi i\u00e7in etkin bir karar verilmesini sa\u011flayabilir. B\u00f6ylelikle gere\u011finden k\u00fc\u00e7\u00fck kompres\u00f6r se\u00e7ilerek yetersiz kalmas\u0131n\u0131, dolay\u0131s\u0131yla bo\u015funa zaman ve para harcanmas\u0131na engel olunabilir. Ya da tam tersine ihtiya\u00e7tan daha b\u00fcy\u00fck kapasiteli bir kompres\u00f6r se\u00e7ilerek fuzuli para harcanmas\u0131n\u0131 \u00f6nleyebilir. Ayr\u0131ca sekt\u00f6r\u00fcn ihtiya\u00e7 duydu\u011fu hava kalitesinin durumuna g\u00f6re ya\u011fs\u0131z vidal\u0131 kompres\u00f6r<strong> <\/strong>al\u0131nmas\u0131 gerekirken, yanl\u0131\u015f bir se\u00e7im yap\u0131lmas\u0131n\u0131n \u00f6n\u00fcne ge\u00e7ilebilir.<\/p>\n\n\n\n<figure class=\"wp-block-image size-large\"><img loading=\"lazy\" decoding=\"async\" width=\"1024\" height=\"724\" src=\"https:\/\/tahasservis.com\/wp-content\/uploads\/2022\/05\/Hava-Kompresoru-Alirken-Nelere-Dikkat-Edilmeli-yaziici-1-1024x724.jpg\" alt=\"\" class=\"wp-image-2474\" srcset=\"https:\/\/tahasservis.com\/wp-content\/uploads\/2022\/05\/Hava-Kompresoru-Alirken-Nelere-Dikkat-Edilmeli-yaziici-1-1024x724.jpg 1024w, https:\/\/tahasservis.com\/wp-content\/uploads\/2022\/05\/Hava-Kompresoru-Alirken-Nelere-Dikkat-Edilmeli-yaziici-1-300x212.jpg 300w, https:\/\/tahasservis.com\/wp-content\/uploads\/2022\/05\/Hava-Kompresoru-Alirken-Nelere-Dikkat-Edilmeli-yaziici-1-768x543.jpg 768w, https:\/\/tahasservis.com\/wp-content\/uploads\/2022\/05\/Hava-Kompresoru-Alirken-Nelere-Dikkat-Edilmeli-yaziici-1-1536x1086.jpg 1536w, https:\/\/tahasservis.com\/wp-content\/uploads\/2022\/05\/Hava-Kompresoru-Alirken-Nelere-Dikkat-Edilmeli-yaziici-1-2048x1448.jpg 2048w, https:\/\/tahasservis.com\/wp-content\/uploads\/2022\/05\/Hava-Kompresoru-Alirken-Nelere-Dikkat-Edilmeli-yaziici-1-18x12.jpg 18w, https:\/\/tahasservis.com\/wp-content\/uploads\/2022\/05\/Hava-Kompresoru-Alirken-Nelere-Dikkat-Edilmeli-yaziici-1-1200x848.jpg 1200w\" sizes=\"auto, (max-width: 1024px) 100vw, 1024px\" \/><\/figure>\n\n\n\n<h2 class=\"wp-block-heading\"><strong>Temel \u0130tibariyle Kompres\u00f6r S\u0131n\u0131flar\u0131&nbsp;<\/strong><\/h2>\n\n\n\n<p>Kompres\u00f6r se\u00e7imi yaparken t\u00fcrleri ve sa\u011flad\u0131\u011f\u0131 avantajlar konusunda bilgi sahibi olunmas\u0131 \u00f6ncelikli konular\u0131n ba\u015f\u0131nda gelir. Genel olarak dinamik ve pozitif hava kompres\u00f6r\u00fc modelleri olarak ikiye ayr\u0131lan bu bas\u0131n\u00e7l\u0131 hava makineleri, kendi i\u00e7inde de farkl\u0131 tiplere sahiptir. Mesela turbo kompres\u00f6rler olarak da adland\u0131r\u0131lan dinamik kompres\u00f6rler hava \u00e7\u0131k\u0131\u015f\u0131 esnas\u0131nda hava depolayabilme \u00f6zelli\u011fine sahiptir. Eksenel ve santrif\u00fcj olarak iki tipe ayr\u0131lan dinamik modeller, sanayi tesislerinde s\u0131kl\u0131kla kullan\u0131lanlar pozitif deplasmanl\u0131 olanlar aras\u0131ndad\u0131r.<\/p>\n\n\n\n<p>Piyasada yayg\u0131n olarak bilinen 6 tip kompres\u00f6r vard\u0131r. K\u0131saca bu tipler ve \u00f6zellikleri \u015fu \u015fekildedir;&nbsp;<\/p>\n\n\n\n<h3 class=\"wp-block-heading\"><strong>Buhar ve gaz kompres\u00f6rleri<\/strong><\/h3>\n\n\n\n<p>Buhar ve gaz kompres\u00f6rlerinde hava \u00e7\u0131k\u0131\u015f\u0131n\u0131n ger\u00e7ekle\u015fti\u011fi a\u011f\u0131zdan ayn\u0131 zamanda buharda \u00e7\u0131kmaktad\u0131r. \u00c7\u0131kan buhar \u0131s\u0131 gerektiren ortamlarda kullan\u0131labilirken, bu buhar ayn\u0131 zamanda hazneden at\u0131lan hava ile kar\u0131\u015ft\u0131\u011f\u0131 i\u00e7in \u0131s\u0131nm\u0131\u015f olur. Vakum etkisini sa\u011flayan g\u00fc\u00e7, gaz veya buhar oldu\u011fu i\u00e7in bu ismi alan kompres\u00f6r tipinin hareketli bir par\u00e7as\u0131 bulunmaz.&nbsp;<\/p>\n\n\n\n<h3 class=\"wp-block-heading\"><strong>Hidrolik kompres\u00f6rler<\/strong><\/h3>\n\n\n\n<p>Hidrolik kompres\u00f6r t\u00fcrleri suyun d\u00fc\u015f\u00fc\u015f kuvvetini kullanarak i\u015flerken, ilave bir mekanik par\u00e7aya ihtiya\u00e7 duymazlar. Hava ak\u0131m\u0131 suyun d\u00f6nd\u00fcrd\u00fc\u011f\u00fc pervaneler taraf\u0131ndan olu\u015fturulur. Bu hava kompres\u00f6r\u00fc tipinde her ne kadar kurulum maliyeti y\u00fcksek olsa da verimlilik olduk\u00e7a y\u00fcksektir, dolay\u0131s\u0131yla yat\u0131r\u0131m maliyetini k\u0131sa s\u00fcrede \u00e7\u0131kartabilir. Haraketli ve sabit devrelerden olu\u015fan tipleri mevcut iken hareketsiz olanlar\u0131n\u0131n sabit bir yere monte edilmesi gerekir. Bu tip kompres\u00f6rlerin sabit olanlar\u0131 \u00e7o\u011funlukla torna tezgahlar\u0131 ve CNC makinelerinde, hareketli sisteme sahip olanlar ise genelde otomobil, \u00e7ekici, kamyon vb. ara\u00e7larda kullan\u0131l\u0131r.\u00a0<\/p>\n\n\n\n<h3 class=\"wp-block-heading\"><strong>Merkezka\u00e7 Kompres\u00f6rler<\/strong><\/h3>\n\n\n\n<p>Merkezka\u00e7 kompres\u00f6r t\u00fcrleri &nbsp;Bernoulli prensibi ile \u00e7al\u0131\u015fan bas\u0131n\u00e7l\u0131 hava ara\u00e7lar\u0131d\u0131r. Bu prensibe g\u00f6re k\u0131saca h\u0131z d\u00fc\u015ferken bas\u0131n\u00e7 artar. Hava dairesel olan haznede depolan\u0131rken, daire merkezinde d\u00f6nen hava h\u0131zlan\u0131r ve d\u0131\u015fa do\u011fru ilerledik\u00e7e yava\u015flar. Bu tip hava kompres\u00f6rlerinin dikkatli bir \u015fekilde sabitlenmesi gerekir, \u00e7\u00fcnk\u00fc aksi takdirde savrulabilir. Ya\u011f ve buhar olu\u015fturmamas\u0131 ile temiz hava ihtiyac\u0131 olan i\u015fletmeler taraf\u0131ndan s\u0131kl\u0131kla kullan\u0131l\u0131r.&nbsp;<\/p>\n\n\n\n<h3 class=\"wp-block-heading\"><strong>Eksenel Ak\u0131ml\u0131 Kompres\u00f6r<\/strong><\/h3>\n\n\n\n<p>Eksenel ak\u0131ml\u0131 kompres\u00f6r modelinde hava d\u00f6nen eksene paralel olarak hareket eder. D\u00f6n\u00fc\u015ften dolay\u0131 ak\u0131m artarken s\u00fcrekli hava \u00fcretir. Mant\u0131k olarak yap-boz tarz\u0131 bir model olan bu hava kompres\u00f6r\u00fc par\u00e7alar\u0131 birbirine eklenerek son durumunu al\u0131r. D\u00f6nen par\u00e7alar merkezde oldu\u011fundan dolay\u0131 ise merkez ka\u00e7 kuvvetinden etkilenmezler.\u00a0<\/p>\n\n\n\n<h3 class=\"wp-block-heading\"><strong>Pistonlu Kompres\u00f6r<\/strong><\/h3>\n\n\n\n<p><strong>Pistonlu kompres\u00f6r<\/strong> modellerinde \u00e7al\u0131\u015fma mekanizmas\u0131 yata\u011f\u0131 i\u00e7inde ileri geri hareket eden piston ile ger\u00e7ekle\u015fir. \u0130leri geri hareket eden piston, hava \u00fcretimi sa\u011flarken haznede hava s\u0131k\u0131\u015fmas\u0131n\u0131 sa\u011flar. D\u00fc\u015f\u00fck bas\u0131n\u00e7 gerektiren sekt\u00f6rlerde tek kademeli pistonlu kompres\u00f6r<strong> <\/strong>modelleri yeterli olabilirken, y\u00fcksek bas\u0131n\u00e7ta ise genelde \u00e7ift kademeliler ihtiyac\u0131 kar\u015f\u0131lar.<\/p>\n\n\n\n<h3 class=\"wp-block-heading\"><strong>Vidal\u0131 Kompres\u00f6r<\/strong><\/h3>\n\n\n\n<p>Bir\u00e7ok eleman ve metal aksam\u0131 bar\u0131nd\u0131ran vidal\u0131 kompres\u00f6r modelleri, ya\u011fl\u0131 ve ya\u011fs\u0131z olarak ikiye ayr\u0131l\u0131r. Bu tipler, s\u0131k\u0131\u015ft\u0131rma haznesinde iki vidan\u0131n havay\u0131 s\u0131k\u0131\u015ft\u0131rarak bas\u0131nc\u0131n\u0131 art\u0131rmas\u0131 \u015feklinde i\u015flev g\u00f6r\u00fcrler. Sekt\u00f6re g\u00f6re ya\u011f bula\u015fma riski olan nihai \u00fcr\u00fcn durumuna g\u00f6re ya\u011fs\u0131z veya <a href=\"https:\/\/tahasservis.com\/en\/yagli-vidali-kompresorler\/\" target=\"_blank\" rel=\"noreferrer noopener\">ya\u011fl\u0131 vidal\u0131 kompres\u00f6r<\/a> modellerinden biri tercih edilir. Vidal\u0131 kompres\u00f6rler genel s\u0131n\u0131f olarak pozitif yer de\u011fi\u015ftirmeli hava kompres\u00f6rleri aras\u0131nda yer almaktad\u0131r.\u00a0<\/p>\n\n\n\n<p>Genel itibariyle bu \u015fekilde s\u0131n\u0131flanan kompres\u00f6r modelleri kendi i\u00e7inde de alt s\u0131n\u0131flara ayr\u0131labilir veya teknik olarak farkl\u0131 adland\u0131r\u0131labilir. Mesela vidal\u0131 kompres\u00f6rler ya\u011fl\u0131 ve ya\u011fs\u0131z olarak ayr\u0131labilirken, pistonlu modeller tek veya \u00e7ift kademeli olarak s\u0131n\u0131fland\u0131r\u0131labilir. Ayr\u0131ca g\u00fcn ge\u00e7tik\u00e7e geli\u015ftirilen yeni modeller, sahip olduklar\u0131 donan\u0131mlara g\u00f6re de teknolojik olarak baz\u0131 s\u0131n\u0131flara ayr\u0131labilir.&nbsp;<\/p>\n\n\n\n<p>\u015eayet sizde i\u015fletmeniz i\u00e7in hangi tipte bir kompres\u00f6r se\u00e7ece\u011finiz konusunda karars\u0131zsan\u0131z alan\u0131nda uzman olan <a href=\"https:\/\/tahasservis.com\/en\/\">TAHA\u015e SERV\u0130S<\/a>\u2019ten yard\u0131m olabilir, kafan\u0131zdaki cevaps\u0131z sorular\u0131n yan\u0131tlar\u0131n\u0131 bulabilirsiniz. &nbsp;Ayr\u0131ca web sitesini ziyaret edebilir, son teknoloji modellerin \u00f6zelliklerini inceleyebilir, mevcut kompres\u00f6r\u00fcn\u00fcz\u00fcn rand\u0131man\u0131n\u0131 art\u0131rabilecek bilgilerle g\u00fcncellenen <a href=\"https:\/\/tahasservis.com\/en\/blog\/\">BLOG<\/a> sayfas\u0131na g\u00f6z atabilirsiniz.<\/p>","protected":false},"excerpt":{"rendered":"<p>G\u00fcn\u00fcm\u00fcz i\u015fletmelerinin vazge\u00e7ilmez ara\u00e7lar\u0131ndan biri olan hava kompres\u00f6r\u00fc, g\u00fcnl\u00fck ya\u015famda da kendine sa\u011flam bir yer edinmi\u015ftir. Mesela g\u0131dalar\u0131n raf \u00f6mr\u00fcn\u00fcn korunmas\u0131ndan in\u015faat sekt\u00f6r\u00fcne kadar bir\u00e7ok alandaki rol\u00fc tart\u0131\u015f\u0131lmazd\u0131r. Ancak bir i\u015fletmede kullan\u0131lacak herhangi bir ara\u00e7 veya gere\u00e7ten tam rand\u0131man\u0131n al\u0131nabilmesi i\u00e7in ihtiyaca y\u00f6nelik se\u00e7im yap\u0131lmas\u0131 \u015fartt\u0131r. Aksi takdirde hem i\u015fletme performans\u0131n\u0131 d\u00fc\u015f\u00fcr\u00fcr hem de g\u00fcvenlik [&hellip;]<\/p>","protected":false},"author":3,"featured_media":2470,"comment_status":"open","ping_status":"open","sticky":false,"template":"","format":"standard","meta":{"footnotes":""},"categories":[1,101],"tags":[],"class_list":["post-2469","post","type-post","status-publish","format-standard","has-post-thumbnail","hentry","category-genel","category-hava-kompresorleri"],"yoast_head":"<!-- This site is optimized with the Yoast SEO Premium plugin v16.1 (Yoast SEO v25.6) - https:\/\/yoast.com\/wordpress\/plugins\/seo\/ -->\n<title>Hava Kompres\u00f6r\u00fc Al\u0131rken Nelere Dikkat Edilmeli? - Taha\u015f Servis<\/title>\n<meta name=\"robots\" content=\"index, follow, max-snippet:-1, max-image-preview:large, max-video-preview:-1\" \/>\n<link rel=\"canonical\" href=\"http:\/\/tahasservis.com\/en\/hava-kompresoru-alirken-nelere-dikkat-edilmeli\/\" \/>\n<meta property=\"og:locale\" content=\"en_US\" \/>\n<meta property=\"og:type\" content=\"article\" \/>\n<meta property=\"og:title\" content=\"Hava Kompres\u00f6r\u00fc Al\u0131rken Nelere Dikkat Edilmeli? - Taha\u015f Servis\" \/>\n<meta property=\"og:description\" content=\"G\u00fcn\u00fcm\u00fcz i\u015fletmelerinin vazge\u00e7ilmez ara\u00e7lar\u0131ndan biri olan hava kompres\u00f6r\u00fc, g\u00fcnl\u00fck ya\u015famda da kendine sa\u011flam bir yer edinmi\u015ftir. Mesela g\u0131dalar\u0131n raf \u00f6mr\u00fcn\u00fcn korunmas\u0131ndan in\u015faat sekt\u00f6r\u00fcne kadar bir\u00e7ok alandaki rol\u00fc tart\u0131\u015f\u0131lmazd\u0131r. Ancak bir i\u015fletmede kullan\u0131lacak herhangi bir ara\u00e7 veya gere\u00e7ten tam rand\u0131man\u0131n al\u0131nabilmesi i\u00e7in ihtiyaca y\u00f6nelik se\u00e7im yap\u0131lmas\u0131 \u015fartt\u0131r. Aksi takdirde hem i\u015fletme performans\u0131n\u0131 d\u00fc\u015f\u00fcr\u00fcr hem de g\u00fcvenlik [&hellip;]\" \/>\n<meta property=\"og:url\" content=\"http:\/\/tahasservis.com\/en\/hava-kompresoru-alirken-nelere-dikkat-edilmeli\/\" \/>\n<meta property=\"og:site_name\" content=\"Taha\u015f Servis\" \/>\n<meta property=\"article:published_time\" content=\"2022-05-12T08:09:00+00:00\" \/>\n<meta property=\"article:modified_time\" content=\"2022-05-12T08:09:03+00:00\" \/>\n<meta property=\"og:image\" content=\"http:\/\/tahasservis.com\/wp-content\/uploads\/2022\/05\/Hava-Kompresoru-Alirken-Nelere-Dikkat-Edilmeli-kapak-scaled.jpg\" \/>\n\t<meta property=\"og:image:width\" content=\"2560\" \/>\n\t<meta property=\"og:image:height\" content=\"1810\" \/>\n\t<meta property=\"og:image:type\" content=\"image\/jpeg\" \/>\n<meta name=\"author\" content=\"tahas-yonetim\" \/>\n<meta name=\"twitter:card\" content=\"summary_large_image\" \/>\n<meta name=\"twitter:label1\" content=\"Written by\" \/>\n\t<meta name=\"twitter:data1\" content=\"tahas-yonetim\" \/>\n\t<meta name=\"twitter:label2\" content=\"Est. reading time\" \/>\n\t<meta name=\"twitter:data2\" content=\"8 minutes\" \/>\n<script type=\"application\/ld+json\" class=\"yoast-schema-graph\">{\"@context\":\"https:\/\/schema.org\",\"@graph\":[{\"@type\":\"Article\",\"@id\":\"http:\/\/tahasservis.com\/hava-kompresoru-alirken-nelere-dikkat-edilmeli\/#article\",\"isPartOf\":{\"@id\":\"http:\/\/tahasservis.com\/hava-kompresoru-alirken-nelere-dikkat-edilmeli\/\"},\"author\":{\"name\":\"tahas-yonetim\",\"@id\":\"https:\/\/tahasservis.com\/#\/schema\/person\/dcc8e69a1a683906b597f6df39e4cf30\"},\"headline\":\"Hava Kompres\u00f6r\u00fc Al\u0131rken Nelere Dikkat Edilmeli?\",\"datePublished\":\"2022-05-12T08:09:00+00:00\",\"dateModified\":\"2022-05-12T08:09:03+00:00\",\"mainEntityOfPage\":{\"@id\":\"http:\/\/tahasservis.com\/hava-kompresoru-alirken-nelere-dikkat-edilmeli\/\"},\"wordCount\":1658,\"commentCount\":0,\"publisher\":{\"@id\":\"https:\/\/tahasservis.com\/#organization\"},\"image\":{\"@id\":\"http:\/\/tahasservis.com\/hava-kompresoru-alirken-nelere-dikkat-edilmeli\/#primaryimage\"},\"thumbnailUrl\":\"https:\/\/tahasservis.com\/wp-content\/uploads\/2022\/05\/Hava-Kompresoru-Alirken-Nelere-Dikkat-Edilmeli-kapak-scaled.jpg\",\"articleSection\":[\"Genel\",\"Hava Kompres\u00f6rleri\"],\"inLanguage\":\"en-US\"},{\"@type\":\"WebPage\",\"@id\":\"http:\/\/tahasservis.com\/hava-kompresoru-alirken-nelere-dikkat-edilmeli\/\",\"url\":\"http:\/\/tahasservis.com\/hava-kompresoru-alirken-nelere-dikkat-edilmeli\/\",\"name\":\"Hava Kompres\u00f6r\u00fc Al\u0131rken Nelere Dikkat Edilmeli? - Taha\u015f Servis\",\"isPartOf\":{\"@id\":\"https:\/\/tahasservis.com\/#website\"},\"primaryImageOfPage\":{\"@id\":\"http:\/\/tahasservis.com\/hava-kompresoru-alirken-nelere-dikkat-edilmeli\/#primaryimage\"},\"image\":{\"@id\":\"http:\/\/tahasservis.com\/hava-kompresoru-alirken-nelere-dikkat-edilmeli\/#primaryimage\"},\"thumbnailUrl\":\"https:\/\/tahasservis.com\/wp-content\/uploads\/2022\/05\/Hava-Kompresoru-Alirken-Nelere-Dikkat-Edilmeli-kapak-scaled.jpg\",\"datePublished\":\"2022-05-12T08:09:00+00:00\",\"dateModified\":\"2022-05-12T08:09:03+00:00\",\"breadcrumb\":{\"@id\":\"http:\/\/tahasservis.com\/hava-kompresoru-alirken-nelere-dikkat-edilmeli\/#breadcrumb\"},\"inLanguage\":\"en-US\",\"potentialAction\":[{\"@type\":\"ReadAction\",\"target\":[\"http:\/\/tahasservis.com\/hava-kompresoru-alirken-nelere-dikkat-edilmeli\/\"]}]},{\"@type\":\"ImageObject\",\"inLanguage\":\"en-US\",\"@id\":\"http:\/\/tahasservis.com\/hava-kompresoru-alirken-nelere-dikkat-edilmeli\/#primaryimage\",\"url\":\"https:\/\/tahasservis.com\/wp-content\/uploads\/2022\/05\/Hava-Kompresoru-Alirken-Nelere-Dikkat-Edilmeli-kapak-scaled.jpg\",\"contentUrl\":\"https:\/\/tahasservis.com\/wp-content\/uploads\/2022\/05\/Hava-Kompresoru-Alirken-Nelere-Dikkat-Edilmeli-kapak-scaled.jpg\",\"width\":2560,\"height\":1810,\"caption\":\"hava-kompresoru-alirken-nelere-dikkat-edilmeli\"},{\"@type\":\"BreadcrumbList\",\"@id\":\"http:\/\/tahasservis.com\/hava-kompresoru-alirken-nelere-dikkat-edilmeli\/#breadcrumb\",\"itemListElement\":[{\"@type\":\"ListItem\",\"position\":1,\"name\":\"Home\",\"item\":\"https:\/\/tahasservis.com\/\"},{\"@type\":\"ListItem\",\"position\":2,\"name\":\"Hava Kompres\u00f6r\u00fc Al\u0131rken Nelere Dikkat Edilmeli?\"}]},{\"@type\":\"WebSite\",\"@id\":\"https:\/\/tahasservis.com\/#website\",\"url\":\"https:\/\/tahasservis.com\/\",\"name\":\"Taha\u015f Servis\",\"description\":\"Taha\u015f Tazyikli Hava Servisi A.\u015e\",\"publisher\":{\"@id\":\"https:\/\/tahasservis.com\/#organization\"},\"potentialAction\":[{\"@type\":\"SearchAction\",\"target\":{\"@type\":\"EntryPoint\",\"urlTemplate\":\"https:\/\/tahasservis.com\/?s={search_term_string}\"},\"query-input\":{\"@type\":\"PropertyValueSpecification\",\"valueRequired\":true,\"valueName\":\"search_term_string\"}}],\"inLanguage\":\"en-US\"},{\"@type\":\"Organization\",\"@id\":\"https:\/\/tahasservis.com\/#organization\",\"name\":\"TAHA\u015e SERV\u0130S\",\"url\":\"https:\/\/tahasservis.com\/\",\"logo\":{\"@type\":\"ImageObject\",\"inLanguage\":\"en-US\",\"@id\":\"https:\/\/tahasservis.com\/#\/schema\/logo\/image\/\",\"url\":\"https:\/\/tahasservis.com\/wp-content\/uploads\/2020\/12\/cropped-Tahas_Logo.png\",\"contentUrl\":\"https:\/\/tahasservis.com\/wp-content\/uploads\/2020\/12\/cropped-Tahas_Logo.png\",\"width\":512,\"height\":512,\"caption\":\"TAHA\u015e SERV\u0130S\"},\"image\":{\"@id\":\"https:\/\/tahasservis.com\/#\/schema\/logo\/image\/\"}},{\"@type\":\"Person\",\"@id\":\"https:\/\/tahasservis.com\/#\/schema\/person\/dcc8e69a1a683906b597f6df39e4cf30\",\"name\":\"tahas-yonetim\",\"image\":{\"@type\":\"ImageObject\",\"inLanguage\":\"en-US\",\"@id\":\"https:\/\/tahasservis.com\/#\/schema\/person\/image\/\",\"url\":\"https:\/\/secure.gravatar.com\/avatar\/ed78e5bd60b15c34eb09a92a753042c8c007ea7e517e148043543031cb0acebb?s=96&d=mm&r=g\",\"contentUrl\":\"https:\/\/secure.gravatar.com\/avatar\/ed78e5bd60b15c34eb09a92a753042c8c007ea7e517e148043543031cb0acebb?s=96&d=mm&r=g\",\"caption\":\"tahas-yonetim\"}}]}<\/script>\n<!-- \/ Yoast SEO Premium plugin. -->","yoast_head_json":{"title":"Hava Kompres\u00f6r\u00fc Al\u0131rken Nelere Dikkat Edilmeli? - Taha\u015f Servis","robots":{"index":"index","follow":"follow","max-snippet":"max-snippet:-1","max-image-preview":"max-image-preview:large","max-video-preview":"max-video-preview:-1"},"canonical":"http:\/\/tahasservis.com\/en\/hava-kompresoru-alirken-nelere-dikkat-edilmeli\/","og_locale":"en_US","og_type":"article","og_title":"Hava Kompres\u00f6r\u00fc Al\u0131rken Nelere Dikkat Edilmeli? - Taha\u015f Servis","og_description":"G\u00fcn\u00fcm\u00fcz i\u015fletmelerinin vazge\u00e7ilmez ara\u00e7lar\u0131ndan biri olan hava kompres\u00f6r\u00fc, g\u00fcnl\u00fck ya\u015famda da kendine sa\u011flam bir yer edinmi\u015ftir. Mesela g\u0131dalar\u0131n raf \u00f6mr\u00fcn\u00fcn korunmas\u0131ndan in\u015faat sekt\u00f6r\u00fcne kadar bir\u00e7ok alandaki rol\u00fc tart\u0131\u015f\u0131lmazd\u0131r. Ancak bir i\u015fletmede kullan\u0131lacak herhangi bir ara\u00e7 veya gere\u00e7ten tam rand\u0131man\u0131n al\u0131nabilmesi i\u00e7in ihtiyaca y\u00f6nelik se\u00e7im yap\u0131lmas\u0131 \u015fartt\u0131r. Aksi takdirde hem i\u015fletme performans\u0131n\u0131 d\u00fc\u015f\u00fcr\u00fcr hem de g\u00fcvenlik [&hellip;]","og_url":"http:\/\/tahasservis.com\/en\/hava-kompresoru-alirken-nelere-dikkat-edilmeli\/","og_site_name":"Taha\u015f Servis","article_published_time":"2022-05-12T08:09:00+00:00","article_modified_time":"2022-05-12T08:09:03+00:00","og_image":[{"width":2560,"height":1810,"url":"http:\/\/tahasservis.com\/wp-content\/uploads\/2022\/05\/Hava-Kompresoru-Alirken-Nelere-Dikkat-Edilmeli-kapak-scaled.jpg","type":"image\/jpeg"}],"author":"tahas-yonetim","twitter_card":"summary_large_image","twitter_misc":{"Written by":"tahas-yonetim","Est. reading time":"8 minutes"},"schema":{"@context":"https:\/\/schema.org","@graph":[{"@type":"Article","@id":"http:\/\/tahasservis.com\/hava-kompresoru-alirken-nelere-dikkat-edilmeli\/#article","isPartOf":{"@id":"http:\/\/tahasservis.com\/hava-kompresoru-alirken-nelere-dikkat-edilmeli\/"},"author":{"name":"tahas-yonetim","@id":"https:\/\/tahasservis.com\/#\/schema\/person\/dcc8e69a1a683906b597f6df39e4cf30"},"headline":"Hava Kompres\u00f6r\u00fc Al\u0131rken Nelere Dikkat Edilmeli?","datePublished":"2022-05-12T08:09:00+00:00","dateModified":"2022-05-12T08:09:03+00:00","mainEntityOfPage":{"@id":"http:\/\/tahasservis.com\/hava-kompresoru-alirken-nelere-dikkat-edilmeli\/"},"wordCount":1658,"commentCount":0,"publisher":{"@id":"https:\/\/tahasservis.com\/#organization"},"image":{"@id":"http:\/\/tahasservis.com\/hava-kompresoru-alirken-nelere-dikkat-edilmeli\/#primaryimage"},"thumbnailUrl":"https:\/\/tahasservis.com\/wp-content\/uploads\/2022\/05\/Hava-Kompresoru-Alirken-Nelere-Dikkat-Edilmeli-kapak-scaled.jpg","articleSection":["Genel","Hava Kompres\u00f6rleri"],"inLanguage":"en-US"},{"@type":"WebPage","@id":"http:\/\/tahasservis.com\/hava-kompresoru-alirken-nelere-dikkat-edilmeli\/","url":"http:\/\/tahasservis.com\/hava-kompresoru-alirken-nelere-dikkat-edilmeli\/","name":"Hava Kompres\u00f6r\u00fc Al\u0131rken Nelere Dikkat Edilmeli? - Taha\u015f Servis","isPartOf":{"@id":"https:\/\/tahasservis.com\/#website"},"primaryImageOfPage":{"@id":"http:\/\/tahasservis.com\/hava-kompresoru-alirken-nelere-dikkat-edilmeli\/#primaryimage"},"image":{"@id":"http:\/\/tahasservis.com\/hava-kompresoru-alirken-nelere-dikkat-edilmeli\/#primaryimage"},"thumbnailUrl":"https:\/\/tahasservis.com\/wp-content\/uploads\/2022\/05\/Hava-Kompresoru-Alirken-Nelere-Dikkat-Edilmeli-kapak-scaled.jpg","datePublished":"2022-05-12T08:09:00+00:00","dateModified":"2022-05-12T08:09:03+00:00","breadcrumb":{"@id":"http:\/\/tahasservis.com\/hava-kompresoru-alirken-nelere-dikkat-edilmeli\/#breadcrumb"},"inLanguage":"en-US","potentialAction":[{"@type":"ReadAction","target":["http:\/\/tahasservis.com\/hava-kompresoru-alirken-nelere-dikkat-edilmeli\/"]}]},{"@type":"ImageObject","inLanguage":"en-US","@id":"http:\/\/tahasservis.com\/hava-kompresoru-alirken-nelere-dikkat-edilmeli\/#primaryimage","url":"https:\/\/tahasservis.com\/wp-content\/uploads\/2022\/05\/Hava-Kompresoru-Alirken-Nelere-Dikkat-Edilmeli-kapak-scaled.jpg","contentUrl":"https:\/\/tahasservis.com\/wp-content\/uploads\/2022\/05\/Hava-Kompresoru-Alirken-Nelere-Dikkat-Edilmeli-kapak-scaled.jpg","width":2560,"height":1810,"caption":"hava-kompresoru-alirken-nelere-dikkat-edilmeli"},{"@type":"BreadcrumbList","@id":"http:\/\/tahasservis.com\/hava-kompresoru-alirken-nelere-dikkat-edilmeli\/#breadcrumb","itemListElement":[{"@type":"ListItem","position":1,"name":"Home","item":"https:\/\/tahasservis.com\/"},{"@type":"ListItem","position":2,"name":"Hava Kompres\u00f6r\u00fc Al\u0131rken Nelere Dikkat Edilmeli?"}]},{"@type":"WebSite","@id":"https:\/\/tahasservis.com\/#website","url":"https:\/\/tahasservis.com\/","name":"Taha\u015f Servis","description":"Taha\u015f Tazyikli Hava Servisi A.\u015e","publisher":{"@id":"https:\/\/tahasservis.com\/#organization"},"potentialAction":[{"@type":"SearchAction","target":{"@type":"EntryPoint","urlTemplate":"https:\/\/tahasservis.com\/?s={search_term_string}"},"query-input":{"@type":"PropertyValueSpecification","valueRequired":true,"valueName":"search_term_string"}}],"inLanguage":"en-US"},{"@type":"Organization","@id":"https:\/\/tahasservis.com\/#organization","name":"TAHA\u015e SERV\u0130S","url":"https:\/\/tahasservis.com\/","logo":{"@type":"ImageObject","inLanguage":"en-US","@id":"https:\/\/tahasservis.com\/#\/schema\/logo\/image\/","url":"https:\/\/tahasservis.com\/wp-content\/uploads\/2020\/12\/cropped-Tahas_Logo.png","contentUrl":"https:\/\/tahasservis.com\/wp-content\/uploads\/2020\/12\/cropped-Tahas_Logo.png","width":512,"height":512,"caption":"TAHA\u015e SERV\u0130S"},"image":{"@id":"https:\/\/tahasservis.com\/#\/schema\/logo\/image\/"}},{"@type":"Person","@id":"https:\/\/tahasservis.com\/#\/schema\/person\/dcc8e69a1a683906b597f6df39e4cf30","name":"tahas-yonetim","image":{"@type":"ImageObject","inLanguage":"en-US","@id":"https:\/\/tahasservis.com\/#\/schema\/person\/image\/","url":"https:\/\/secure.gravatar.com\/avatar\/ed78e5bd60b15c34eb09a92a753042c8c007ea7e517e148043543031cb0acebb?s=96&d=mm&r=g","contentUrl":"https:\/\/secure.gravatar.com\/avatar\/ed78e5bd60b15c34eb09a92a753042c8c007ea7e517e148043543031cb0acebb?s=96&d=mm&r=g","caption":"tahas-yonetim"}}]}},"_links":{"self":[{"href":"https:\/\/tahasservis.com\/en\/wp-json\/wp\/v2\/posts\/2469","targetHints":{"allow":["GET"]}}],"collection":[{"href":"https:\/\/tahasservis.com\/en\/wp-json\/wp\/v2\/posts"}],"about":[{"href":"https:\/\/tahasservis.com\/en\/wp-json\/wp\/v2\/types\/post"}],"author":[{"embeddable":true,"href":"https:\/\/tahasservis.com\/en\/wp-json\/wp\/v2\/users\/3"}],"replies":[{"embeddable":true,"href":"https:\/\/tahasservis.com\/en\/wp-json\/wp\/v2\/comments?post=2469"}],"version-history":[{"count":0,"href":"https:\/\/tahasservis.com\/en\/wp-json\/wp\/v2\/posts\/2469\/revisions"}],"wp:featuredmedia":[{"embeddable":true,"href":"https:\/\/tahasservis.com\/en\/wp-json\/wp\/v2\/media\/2470"}],"wp:attachment":[{"href":"https:\/\/tahasservis.com\/en\/wp-json\/wp\/v2\/media?parent=2469"}],"wp:term":[{"taxonomy":"category","embeddable":true,"href":"https:\/\/tahasservis.com\/en\/wp-json\/wp\/v2\/categories?post=2469"},{"taxonomy":"post_tag","embeddable":true,"href":"https:\/\/tahasservis.com\/en\/wp-json\/wp\/v2\/tags?post=2469"}],"curies":[{"name":"wp","href":"https:\/\/api.w.org\/{rel}","templated":true}]}}